{"id":57973,"date":"2024-02-16T10:06:23","date_gmt":"2024-02-16T10:06:23","guid":{"rendered":"http:\/\/juristasgitanos.org\/?p=57973"},"modified":"2024-02-16T12:41:00","modified_gmt":"2024-02-16T12:41:00","slug":"nuestra-labor-consiste-en-allanar-el-camino-a-nuestros-jovenes-y-procurar-que-no-se-sientan-solos","status":"publish","type":"post","link":"https:\/\/juristasgitanos.org\/en\/nuestra-labor-consiste-en-allanar-el-camino-a-nuestros-jovenes-y-procurar-que-no-se-sientan-solos\/","title":{"rendered":"ENTREVISTAS CON JURISTAS Vanessa Rosa Rosendo (Badajoz)"},"content":{"rendered":"<h6 class=\"wp-block-heading\" id=\"entrevista-vanessa-rosa-responsable-del-programa-de-mentorizacion-de-juristas-gitanos\"><strong>ENTREVISTA \u00b7 Vanessa Rosa, responsable del programa de Mentorizaci\u00f3n de Juristas Gitanos<\/strong><\/h6>\n\n\n\n<h2 class=\"wp-block-heading\" id=\"nuestra-labor-consiste-en-allanar-el-camino-a-nuestros-jovenes-y-procurar-que-no-se-sientan-solos\">\u00abNuestra labor consiste en allanar el camino a nuestros j\u00f3venes y procurar que no se sientan solos\u00bb.<\/h2>\n\n\n\n<p id=\"vanessa-rosa-rosendo-gitana-de-24-anos-natural-de-badajoz-graduada-en-derecho-orgullo-de-su-familia-presente-y-futuro-de-nuestro-pueblo-desde-este-ano-vanessa-ha-asumido-el-programa-de-mentorizacion-de-juristas-gitanos-en-el-que-participan-mas-de-30-estudiantes-de-derecho-y-colaboran-de-forma-voluntaria-abogados-gitanos-de-toda-espana\"><strong>Gitana extreme\u00f1a, natural de Badajoz, graduada en Derecho, orgullo de su familia, presente y futuro de nuestro pueblo.  Vanessa Rosa Rosendo, de solo 26 a\u00f1os, se ha convertido en pieza fundamental de Juristas Gitanos al asumir la direcci\u00f3n del programa de Mentorizaci\u00f3n en el que participan m\u00e1s de 30 estudiantes de Derecho y colaboran de forma voluntaria abogados gitanos de toda Espa\u00f1a. Vanessa es joven, pero no le asustan los grandes retos. <\/strong><\/p>\n\n\n\n<hr class=\"wp-block-separator is-style-dots\"\/>\n\n\n\n<h5 class=\"wp-block-heading\" id=\"que-es-eso-de-la-mentorizacion\">JG. \u00bfQu\u00e9 es eso de la mentorizaci\u00f3n?<\/h5>\n\n\n\n<p><strong>V.<\/strong> Mentorizaci\u00f3n es un programa de Juristas Gitanos dirigido exclusivamente a estudiantes gitanas y gitanos de Derecho y de postgrado relacionados con el \u00e1rea jur\u00eddica. Tiene como objetivo crear una red de apoyo y compartir desde apuntes y consejos hasta espacios de reuniones.<\/p>\n\n\n\n<p>Por otro lado, se busca la profesionalizaci\u00f3n del grupo de estudiantes a trav\u00e9s de formaciones por parte de nuestros abogados y por la creaci\u00f3n de relaciones de mentor\u00eda abogado-estudiantes de forma individual para todas las cuestiones que el estudiante se plant\u00e9 tanto orientativa como acad\u00e9micamente.<\/p>\n\n\n\n<h5 class=\"wp-block-heading\" id=\"que-es-eso-de-la-mentorizacion\">JG. \u00bfEs tan dif\u00edcil como parece estudiar una carrera?<\/h5>\n\n\n\n<p><strong>V.<\/strong> Bueno, la carrera de Derecho es muy compleja, adem\u00e1s de las incontables normativas existentes te empiezan a instruir con una terminolog\u00eda que previamente no conoces por lo que los primeros a\u00f1os suelen ser los m\u00e1s complicados hasta que te vas haciendo a ello. En mi opini\u00f3n, todo es dif\u00edcil pero el trabajo duro, la organizaci\u00f3n y las ganas de lograr la meta hace todo m\u00e1s ameno.&nbsp;<\/p>\n\n\n\n<p>Por suerte, esta red de apoyo se extiende desde el minuto uno que el estudiante entra a la facultad , por lo tanto, formar parte de ella es ir un paso adelante.<\/p>\n\n\n\n<h5 class=\"wp-block-heading\" id=\"que-es-eso-de-la-mentorizacion\"><strong>JG. \u00bfHay futuro para nuestros j\u00f3venes abogados?<\/strong><\/h5>\n\n\n\n<p><strong>V.<\/strong> Sin duda alguna. Nuestra labor es allanar ese camino para que nuestros j\u00f3venes no se sientan solos en el trayecto y formen parte de una gran familia con la que podr\u00e1n contar profesionalmente.&nbsp;<\/p>\n\n\n\n<p>Los j\u00f3venes abogados que se forman con nosotros tienen la oportunidad de profesionalizarse y aprender de la experiencia y conocimientos que les transmitan los mentores, por lo que adquirir\u00e1n previamente las competencias que normalmente un abogado joven reci\u00e9n colegiado aprende con el paso de los a\u00f1os.<\/p>\n\n\n\n<figure class=\"wp-block-gallery has-nested-images columns-default is-cropped wp-block-gallery-1 is-layout-flex wp-block-gallery-is-layout-flex\">\n<figure class=\"wp-block-image size-large is-style-default\"><img loading=\"lazy\" decoding=\"async\" width=\"1536\" height=\"2048\" data-id=\"866\" src=\"http:\/\/juristasgitanos.org\/wp-content\/uploads\/2021\/03\/Defensa-legal.jpeg\" alt=\"\" class=\"wp-image-866\" srcset=\"https:\/\/juristasgitanos.org\/wp-content\/uploads\/2021\/03\/Defensa-legal.jpeg 1536w, https:\/\/juristasgitanos.org\/wp-content\/uploads\/2021\/03\/Defensa-legal-225x300.jpeg 225w, https:\/\/juristasgitanos.org\/wp-content\/uploads\/2021\/03\/Defensa-legal-768x1024.jpeg 768w, https:\/\/juristasgitanos.org\/wp-content\/uploads\/2021\/03\/Defensa-legal-1152x1536.jpeg 1152w, https:\/\/juristasgitanos.org\/wp-content\/uploads\/2021\/03\/Defensa-legal-110x146.jpeg 110w, https:\/\/juristasgitanos.org\/wp-content\/uploads\/2021\/03\/Defensa-legal-38x50.jpeg 38w, https:\/\/juristasgitanos.org\/wp-content\/uploads\/2021\/03\/Defensa-legal-56x75.jpeg 56w\" sizes=\"(max-width:767px) 480px, (max-width:1536px) 100vw, 1536px\" \/><\/figure>\n<\/figure>\n\n\n\n<h5 class=\"wp-block-heading\" id=\"que-es-eso-de-la-mentorizacion\"><strong>JG. \u00bfQu\u00e9 pod\u00e9is aportar los j\u00f3venes a nuestro pueblo?<\/strong><\/h5>\n\n\n\n<p><strong>V.<\/strong> Los j\u00f3venes abogados del grupo de mentorizaci\u00f3n posteriormente pueden formar a los nuevos abogados que vendr\u00e1n y ser parte de otras de nuestras \u00e1reas m\u00e1s enfocadas a la intervenci\u00f3n con el Pueblo Gitano y resoluci\u00f3n de casos. Sin olvidar que estos adem\u00e1s de instruirse en la facultad correspondiente, se forman con abogados gitanos. \u00bfQu\u00e9 supone eso? que a la hora de iniciar relaciones profesionales con nuestro pueblo se realizar\u00e1 ensalzando los valores gitanos, que eso es algo que solo nosotros podemos hacer.&nbsp;<\/p>\n\n\n\n<h5 class=\"wp-block-heading\"><strong>JG. \u00bfY qu\u00e9 le puede aportar Juristas Gitanos a los j\u00f3venes estudiantes gitanos?<\/strong><\/h5>\n\n\n\n<p>Seguridad. Ante todo eso. La mayor\u00eda de nosotros no tenemos a otro jurista en casa que te resuelva una duda legal o que te diga si el trabajo que est\u00e1s desempe\u00f1ando lo est\u00e1s haciendo bien, o que te d\u00e9 las instrucciones para que se realice con efectividad un proyecto. Esa seguridad que tiene una persona con un familiar abogado es la misma seguridad que tienen los abogados mas j\u00f3venes y estudiantes de Derecho que forman parte de esta red, porque formar parte de Juristas Gitanos es formar parte de una gran familia de profesionales del derecho.<\/p>\n\n\n\n<h5 class=\"wp-block-heading\" id=\"que-es-eso-de-la-mentorizacion\"><strong>JG. \u00bfQu\u00e9 le dir\u00edas a una joven que quiere estudiar Derecho?<\/strong><\/h5>\n\n\n\n<p><strong>V.<\/strong> Le aconsejar\u00eda que desde el principio tome sus propios apuntes y cree un plan de estudios porque Derecho es una carrera que tienes que planificarla bien si quieres buenos resultados, no obstante, que no se desanime cuando el resultado no es el esperado. Lo importante es aprender y no tirar la toalla, y, sobre todo, que asociarse con Juristas Gitanos implica un beneficio enorme para su trayecto acad\u00e9mico y profesional, aqu\u00ed estaremos cuando precisen nuestra ayuda.<\/p>","protected":false},"excerpt":{"rendered":"<p>Gitana extreme\u00f1a, natural de Badajoz, graduada en Derecho, orgullo de su familia, presente y futuro de nuestro pueblo.  Vanessa Rosa Rosendo, de solo 26 a\u00f1os, se ha convertido en pieza fundamental de Juristas Gitanos al asumir la direcci\u00f3n del programa de Mentorizaci\u00f3n en el que participan m\u00e1s de 30 estudiantes de Derecho y colaboran de forma voluntaria abogados gitanos de toda Espa\u00f1a. Vanessa es joven, pero no le asustan los grandes retos. <\/p>","protected":false},"author":3,"featured_media":57976,"comment_status":"open","ping_status":"open","sticky":false,"template":"","format":"standard","meta":{"_bbp_topic_count":0,"_bbp_reply_count":0,"_bbp_total_topic_count":0,"_bbp_total_reply_count":0,"_bbp_voice_count":0,"_bbp_anonymous_reply_count":0,"_bbp_topic_count_hidden":0,"_bbp_reply_count_hidden":0,"_bbp_forum_subforum_count":0,"footnotes":""},"categories":[7],"tags":[103,105,106,57,104,86,27,90],"yoast_head":"<!-- This site is optimized with the Yoast SEO plugin v22.4 - https:\/\/yoast.com\/wordpress\/plugins\/seo\/ -->\n<title>ENTREVISTAS CON JURISTAS Vanessa Rosa Rosendo (Badajoz) - No Blog Title Set<\/title>\n<meta name=\"description\" content=\"Gitana extreme\u00f1a, natural de Badajoz, graduada en Derecho, orgullo de su familia, presente y futuro de nuestro pueblo. Vanessa Rosa Rosendo, de solo 26 a\u00f1os, se ha convertido en pieza fundamental de Juristas Gitanos al asumir la direcci\u00f3n del programa de Mentorizaci\u00f3n en el que participan m\u00e1s de 30 estudiantes de Derecho y colaboran de forma voluntaria abogados gitanos de toda Espa\u00f1a. Vanessa es joven, pero no le asustan los grandes retos.\" \/>\n<meta name=\"robots\" content=\"index, follow, max-snippet:-1, max-image-preview:large, max-video-preview:-1\" \/>\n<link rel=\"canonical\" href=\"https:\/\/juristasgitanos.org\/en\/nuestra-labor-consiste-en-allanar-el-camino-a-nuestros-jovenes-y-procurar-que-no-se-sientan-solos\/\" \/>\n<meta property=\"og:locale\" content=\"en_US\" \/>\n<meta property=\"og:type\" content=\"article\" \/>\n<meta property=\"og:title\" content=\"ENTREVISTAS CON JURISTAS: Vanessa Rosa Rosendo\" \/>\n<meta property=\"og:description\" content=\"&quot;Nuestra labor consiste en allanar el camino a nuestros j\u00f3venes y procurar que no se sientan solos&quot;.\" \/>\n<meta property=\"og:url\" content=\"https:\/\/juristasgitanos.org\/en\/nuestra-labor-consiste-en-allanar-el-camino-a-nuestros-jovenes-y-procurar-que-no-se-sientan-solos\/\" \/>\n<meta property=\"og:site_name\" content=\"No Blog Title Set\" \/>\n<meta property=\"article:published_time\" content=\"2024-02-16T10:06:23+00:00\" \/>\n<meta property=\"article:modified_time\" content=\"2024-02-16T12:41:00+00:00\" \/>\n<meta property=\"og:image\" content=\"https:\/\/juristasgitanos.org\/wp-content\/uploads\/2022\/02\/FOTO-VANESSA-edited-e1645449594248.jpeg\" \/>\n\t<meta property=\"og:image:width\" content=\"916\" \/>\n\t<meta property=\"og:image:height\" content=\"763\" \/>\n\t<meta property=\"og:image:type\" content=\"image\/jpeg\" \/>\n<meta name=\"author\" content=\"Emilio Israel Cort\u00e9s Santiago\" \/>\n<meta name=\"twitter:card\" content=\"summary_large_image\" \/>\n<meta name=\"twitter:title\" content=\"ENTREVISTAS CON JURISTAS: Vanessa Rosa Rosendo\" \/>\n<meta name=\"twitter:description\" content=\"&quot;Nuestra labor consiste en allanar el camino a nuestros j\u00f3venes y procurar que no se sientan solos&quot;.\" \/>\n<meta name=\"twitter:image\" content=\"https:\/\/juristasgitanos.org\/wp-content\/uploads\/2022\/02\/FOTO-VANESSA-edited-e1645449594248.jpeg\" \/>\n<meta name=\"twitter:label1\" content=\"Written by\" \/>\n\t<meta name=\"twitter:data1\" content=\"Emilio Israel Cort\u00e9s Santiago\" \/>\n\t<meta name=\"twitter:label2\" content=\"Est. reading time\" \/>\n\t<meta name=\"twitter:data2\" content=\"4 minutes\" \/>\n<script type=\"application\/ld+json\" class=\"yoast-schema-graph\">{\"@context\":\"https:\/\/schema.org\",\"@graph\":[{\"@type\":\"Article\",\"@id\":\"https:\/\/juristasgitanos.org\/en\/nuestra-labor-consiste-en-allanar-el-camino-a-nuestros-jovenes-y-procurar-que-no-se-sientan-solos\/#article\",\"isPartOf\":{\"@id\":\"https:\/\/juristasgitanos.org\/en\/nuestra-labor-consiste-en-allanar-el-camino-a-nuestros-jovenes-y-procurar-que-no-se-sientan-solos\/\"},\"author\":{\"name\":\"Emilio Israel Cort\u00e9s Santiago\",\"@id\":\"https:\/\/juristasgitanos.org\/#\/schema\/person\/ef503dcece38657abfa49e3d26308a3b\"},\"headline\":\"ENTREVISTAS CON JURISTAS Vanessa Rosa Rosendo (Badajoz)\",\"datePublished\":\"2024-02-16T10:06:23+00:00\",\"dateModified\":\"2024-02-16T12:41:00+00:00\",\"mainEntityOfPage\":{\"@id\":\"https:\/\/juristasgitanos.org\/en\/nuestra-labor-consiste-en-allanar-el-camino-a-nuestros-jovenes-y-procurar-que-no-se-sientan-solos\/\"},\"wordCount\":736,\"commentCount\":0,\"publisher\":{\"@id\":\"https:\/\/juristasgitanos.org\/#organization\"},\"image\":{\"@id\":\"https:\/\/juristasgitanos.org\/en\/nuestra-labor-consiste-en-allanar-el-camino-a-nuestros-jovenes-y-procurar-que-no-se-sientan-solos\/#primaryimage\"},\"thumbnailUrl\":\"https:\/\/juristasgitanos.org\/wp-content\/uploads\/2022\/02\/FOTO-VANESSA-edited-e1645449594248.jpeg\",\"keywords\":[\"abogada-gitana\",\"badajoz\",\"graduada-en-Derecho\",\"juristas-gitanos\",\"juventud\",\"mentorizacion\",\"mujer-gitana\",\"vanessa-rosa\"],\"articleSection\":[\"NOTICIAS\"],\"inLanguage\":\"en-US\",\"potentialAction\":[{\"@type\":\"CommentAction\",\"name\":\"Comment\",\"target\":[\"https:\/\/juristasgitanos.org\/en\/nuestra-labor-consiste-en-allanar-el-camino-a-nuestros-jovenes-y-procurar-que-no-se-sientan-solos\/#respond\"]}]},{\"@type\":\"WebPage\",\"@id\":\"https:\/\/juristasgitanos.org\/en\/nuestra-labor-consiste-en-allanar-el-camino-a-nuestros-jovenes-y-procurar-que-no-se-sientan-solos\/\",\"url\":\"https:\/\/juristasgitanos.org\/en\/nuestra-labor-consiste-en-allanar-el-camino-a-nuestros-jovenes-y-procurar-que-no-se-sientan-solos\/\",\"name\":\"ENTREVISTAS CON JURISTAS Vanessa Rosa Rosendo (Badajoz) - No Blog Title Set\",\"isPartOf\":{\"@id\":\"https:\/\/juristasgitanos.org\/#website\"},\"primaryImageOfPage\":{\"@id\":\"https:\/\/juristasgitanos.org\/en\/nuestra-labor-consiste-en-allanar-el-camino-a-nuestros-jovenes-y-procurar-que-no-se-sientan-solos\/#primaryimage\"},\"image\":{\"@id\":\"https:\/\/juristasgitanos.org\/en\/nuestra-labor-consiste-en-allanar-el-camino-a-nuestros-jovenes-y-procurar-que-no-se-sientan-solos\/#primaryimage\"},\"thumbnailUrl\":\"https:\/\/juristasgitanos.org\/wp-content\/uploads\/2022\/02\/FOTO-VANESSA-edited-e1645449594248.jpeg\",\"datePublished\":\"2024-02-16T10:06:23+00:00\",\"dateModified\":\"2024-02-16T12:41:00+00:00\",\"description\":\"Gitana extreme\u00f1a, natural de Badajoz, graduada en Derecho, orgullo de su familia, presente y futuro de nuestro pueblo. Vanessa Rosa Rosendo, de solo 26 a\u00f1os, se ha convertido en pieza fundamental de Juristas Gitanos al asumir la direcci\u00f3n del programa de Mentorizaci\u00f3n en el que participan m\u00e1s de 30 estudiantes de Derecho y colaboran de forma voluntaria abogados gitanos de toda Espa\u00f1a. Vanessa es joven, pero no le asustan los grandes retos.\",\"breadcrumb\":{\"@id\":\"https:\/\/juristasgitanos.org\/en\/nuestra-labor-consiste-en-allanar-el-camino-a-nuestros-jovenes-y-procurar-que-no-se-sientan-solos\/#breadcrumb\"},\"inLanguage\":\"en-US\",\"potentialAction\":[{\"@type\":\"ReadAction\",\"target\":[\"https:\/\/juristasgitanos.org\/en\/nuestra-labor-consiste-en-allanar-el-camino-a-nuestros-jovenes-y-procurar-que-no-se-sientan-solos\/\"]}]},{\"@type\":\"ImageObject\",\"inLanguage\":\"en-US\",\"@id\":\"https:\/\/juristasgitanos.org\/en\/nuestra-labor-consiste-en-allanar-el-camino-a-nuestros-jovenes-y-procurar-que-no-se-sientan-solos\/#primaryimage\",\"url\":\"https:\/\/juristasgitanos.org\/wp-content\/uploads\/2022\/02\/FOTO-VANESSA-edited-e1645449594248.jpeg\",\"contentUrl\":\"https:\/\/juristasgitanos.org\/wp-content\/uploads\/2022\/02\/FOTO-VANESSA-edited-e1645449594248.jpeg\",\"width\":916,\"height\":763},{\"@type\":\"BreadcrumbList\",\"@id\":\"https:\/\/juristasgitanos.org\/en\/nuestra-labor-consiste-en-allanar-el-camino-a-nuestros-jovenes-y-procurar-que-no-se-sientan-solos\/#breadcrumb\",\"itemListElement\":[{\"@type\":\"ListItem\",\"position\":1,\"name\":\"Portada\",\"item\":\"https:\/\/juristasgitanos.org\/\"},{\"@type\":\"ListItem\",\"position\":2,\"name\":\"ENTREVISTAS CON JURISTAS Vanessa Rosa Rosendo (Badajoz)\"}]},{\"@type\":\"WebSite\",\"@id\":\"https:\/\/juristasgitanos.org\/#website\",\"url\":\"https:\/\/juristasgitanos.org\/\",\"name\":\"No Blog Title Set\",\"description\":\"\",\"publisher\":{\"@id\":\"https:\/\/juristasgitanos.org\/#organization\"},\"potentialAction\":[{\"@type\":\"SearchAction\",\"target\":{\"@type\":\"EntryPoint\",\"urlTemplate\":\"https:\/\/juristasgitanos.org\/?s={search_term_string}\"},\"query-input\":\"required name=search_term_string\"}],\"inLanguage\":\"en-US\"},{\"@type\":\"Organization\",\"@id\":\"https:\/\/juristasgitanos.org\/#organization\",\"name\":\"No Blog Title Set\",\"url\":\"https:\/\/juristasgitanos.org\/\",\"logo\":{\"@type\":\"ImageObject\",\"inLanguage\":\"en-US\",\"@id\":\"https:\/\/juristasgitanos.org\/#\/schema\/logo\/image\/\",\"url\":\"http:\/\/juristasgitanos.org\/wp-content\/uploads\/2021\/04\/fb-share-1.jpg\",\"contentUrl\":\"http:\/\/juristasgitanos.org\/wp-content\/uploads\/2021\/04\/fb-share-1.jpg\",\"width\":1044,\"height\":548,\"caption\":\"No Blog Title Set\"},\"image\":{\"@id\":\"https:\/\/juristasgitanos.org\/#\/schema\/logo\/image\/\"},\"sameAs\":[\"https:\/\/api.whatsapp.com\/send?phone=34675931823\"]},{\"@type\":\"Person\",\"@id\":\"https:\/\/juristasgitanos.org\/#\/schema\/person\/ef503dcece38657abfa49e3d26308a3b\",\"name\":\"Emilio Israel Cort\u00e9s Santiago\",\"image\":{\"@type\":\"ImageObject\",\"inLanguage\":\"en-US\",\"@id\":\"https:\/\/juristasgitanos.org\/#\/schema\/person\/image\/\",\"url\":\"https:\/\/secure.gravatar.com\/avatar\/ce7940dc67a2e45817dde279c7868e10?s=96&d=mm&r=g\",\"contentUrl\":\"https:\/\/secure.gravatar.com\/avatar\/ce7940dc67a2e45817dde279c7868e10?s=96&d=mm&r=g\",\"caption\":\"Emilio Israel Cort\u00e9s Santiago\"},\"description\":\"Licenciado en Derecho y M\u00e1ster en RRHH. Ha trabajado durante 6 a\u00f1os en el \u00e1mbito social, en diferentes organizaciones gitanas, como gestor de proyectos sociales y formador. Adem\u00e1s, ha estado vinculado por 8 a\u00f1os a la Administraci\u00f3n P\u00fablica, en el \u00e1mbito municipal y auton\u00f3mico. Ha dirigido los cursos de Introducci\u00f3n a los Delitos de Odio y de Aproximaci\u00f3n al Antigitanismo de la Universidad Polit\u00e9cnica de Valencia, y el programa de Gesti\u00f3n e Innovaci\u00f3n de Organizaciones Sociales de Fundeun, en la Universidad de Alicante, en los que tambi\u00e9n ha participado como docente.\",\"url\":\"https:\/\/juristasgitanos.org\/en\/author\/emilio-israel\/\"}]}<\/script>\n<!-- \/ Yoast SEO plugin. -->","yoast_head_json":{"title":"ENTREVISTAS CON JURISTAS Vanessa Rosa Rosendo (Badajoz) - No Blog Title Set","description":"Gitana extreme\u00f1a, natural de Badajoz, graduada en Derecho, orgullo de su familia, presente y futuro de nuestro pueblo. Vanessa Rosa Rosendo, de solo 26 a\u00f1os, se ha convertido en pieza fundamental de Juristas Gitanos al asumir la direcci\u00f3n del programa de Mentorizaci\u00f3n en el que participan m\u00e1s de 30 estudiantes de Derecho y colaboran de forma voluntaria abogados gitanos de toda Espa\u00f1a. Vanessa es joven, pero no le asustan los grandes retos.","robots":{"index":"index","follow":"follow","max-snippet":"max-snippet:-1","max-image-preview":"max-image-preview:large","max-video-preview":"max-video-preview:-1"},"canonical":"https:\/\/juristasgitanos.org\/en\/nuestra-labor-consiste-en-allanar-el-camino-a-nuestros-jovenes-y-procurar-que-no-se-sientan-solos\/","og_locale":"en_US","og_type":"article","og_title":"ENTREVISTAS CON JURISTAS: Vanessa Rosa Rosendo","og_description":"\"Nuestra labor consiste en allanar el camino a nuestros j\u00f3venes y procurar que no se sientan solos\".","og_url":"https:\/\/juristasgitanos.org\/en\/nuestra-labor-consiste-en-allanar-el-camino-a-nuestros-jovenes-y-procurar-que-no-se-sientan-solos\/","og_site_name":"No Blog Title Set","article_published_time":"2024-02-16T10:06:23+00:00","article_modified_time":"2024-02-16T12:41:00+00:00","og_image":[{"width":916,"height":763,"url":"https:\/\/juristasgitanos.org\/wp-content\/uploads\/2022\/02\/FOTO-VANESSA-edited-e1645449594248.jpeg","type":"image\/jpeg"}],"author":"Emilio Israel Cort\u00e9s Santiago","twitter_card":"summary_large_image","twitter_title":"ENTREVISTAS CON JURISTAS: Vanessa Rosa Rosendo","twitter_description":"\"Nuestra labor consiste en allanar el camino a nuestros j\u00f3venes y procurar que no se sientan solos\".","twitter_image":"https:\/\/juristasgitanos.org\/wp-content\/uploads\/2022\/02\/FOTO-VANESSA-edited-e1645449594248.jpeg","twitter_misc":{"Written by":"Emilio Israel Cort\u00e9s Santiago","Est. reading time":"4 minutes"},"schema":{"@context":"https:\/\/schema.org","@graph":[{"@type":"Article","@id":"https:\/\/juristasgitanos.org\/en\/nuestra-labor-consiste-en-allanar-el-camino-a-nuestros-jovenes-y-procurar-que-no-se-sientan-solos\/#article","isPartOf":{"@id":"https:\/\/juristasgitanos.org\/en\/nuestra-labor-consiste-en-allanar-el-camino-a-nuestros-jovenes-y-procurar-que-no-se-sientan-solos\/"},"author":{"name":"Emilio Israel Cort\u00e9s Santiago","@id":"https:\/\/juristasgitanos.org\/#\/schema\/person\/ef503dcece38657abfa49e3d26308a3b"},"headline":"ENTREVISTAS CON JURISTAS Vanessa Rosa Rosendo (Badajoz)","datePublished":"2024-02-16T10:06:23+00:00","dateModified":"2024-02-16T12:41:00+00:00","mainEntityOfPage":{"@id":"https:\/\/juristasgitanos.org\/en\/nuestra-labor-consiste-en-allanar-el-camino-a-nuestros-jovenes-y-procurar-que-no-se-sientan-solos\/"},"wordCount":736,"commentCount":0,"publisher":{"@id":"https:\/\/juristasgitanos.org\/#organization"},"image":{"@id":"https:\/\/juristasgitanos.org\/en\/nuestra-labor-consiste-en-allanar-el-camino-a-nuestros-jovenes-y-procurar-que-no-se-sientan-solos\/#primaryimage"},"thumbnailUrl":"https:\/\/juristasgitanos.org\/wp-content\/uploads\/2022\/02\/FOTO-VANESSA-edited-e1645449594248.jpeg","keywords":["abogada-gitana","badajoz","graduada-en-Derecho","juristas-gitanos","juventud","mentorizacion","mujer-gitana","vanessa-rosa"],"articleSection":["NOTICIAS"],"inLanguage":"en-US","potentialAction":[{"@type":"CommentAction","name":"Comment","target":["https:\/\/juristasgitanos.org\/en\/nuestra-labor-consiste-en-allanar-el-camino-a-nuestros-jovenes-y-procurar-que-no-se-sientan-solos\/#respond"]}]},{"@type":"WebPage","@id":"https:\/\/juristasgitanos.org\/en\/nuestra-labor-consiste-en-allanar-el-camino-a-nuestros-jovenes-y-procurar-que-no-se-sientan-solos\/","url":"https:\/\/juristasgitanos.org\/en\/nuestra-labor-consiste-en-allanar-el-camino-a-nuestros-jovenes-y-procurar-que-no-se-sientan-solos\/","name":"ENTREVISTAS CON JURISTAS Vanessa Rosa Rosendo (Badajoz) - No Blog Title Set","isPartOf":{"@id":"https:\/\/juristasgitanos.org\/#website"},"primaryImageOfPage":{"@id":"https:\/\/juristasgitanos.org\/en\/nuestra-labor-consiste-en-allanar-el-camino-a-nuestros-jovenes-y-procurar-que-no-se-sientan-solos\/#primaryimage"},"image":{"@id":"https:\/\/juristasgitanos.org\/en\/nuestra-labor-consiste-en-allanar-el-camino-a-nuestros-jovenes-y-procurar-que-no-se-sientan-solos\/#primaryimage"},"thumbnailUrl":"https:\/\/juristasgitanos.org\/wp-content\/uploads\/2022\/02\/FOTO-VANESSA-edited-e1645449594248.jpeg","datePublished":"2024-02-16T10:06:23+00:00","dateModified":"2024-02-16T12:41:00+00:00","description":"Gitana extreme\u00f1a, natural de Badajoz, graduada en Derecho, orgullo de su familia, presente y futuro de nuestro pueblo. Vanessa Rosa Rosendo, de solo 26 a\u00f1os, se ha convertido en pieza fundamental de Juristas Gitanos al asumir la direcci\u00f3n del programa de Mentorizaci\u00f3n en el que participan m\u00e1s de 30 estudiantes de Derecho y colaboran de forma voluntaria abogados gitanos de toda Espa\u00f1a. Vanessa es joven, pero no le asustan los grandes retos.","breadcrumb":{"@id":"https:\/\/juristasgitanos.org\/en\/nuestra-labor-consiste-en-allanar-el-camino-a-nuestros-jovenes-y-procurar-que-no-se-sientan-solos\/#breadcrumb"},"inLanguage":"en-US","potentialAction":[{"@type":"ReadAction","target":["https:\/\/juristasgitanos.org\/en\/nuestra-labor-consiste-en-allanar-el-camino-a-nuestros-jovenes-y-procurar-que-no-se-sientan-solos\/"]}]},{"@type":"ImageObject","inLanguage":"en-US","@id":"https:\/\/juristasgitanos.org\/en\/nuestra-labor-consiste-en-allanar-el-camino-a-nuestros-jovenes-y-procurar-que-no-se-sientan-solos\/#primaryimage","url":"https:\/\/juristasgitanos.org\/wp-content\/uploads\/2022\/02\/FOTO-VANESSA-edited-e1645449594248.jpeg","contentUrl":"https:\/\/juristasgitanos.org\/wp-content\/uploads\/2022\/02\/FOTO-VANESSA-edited-e1645449594248.jpeg","width":916,"height":763},{"@type":"BreadcrumbList","@id":"https:\/\/juristasgitanos.org\/en\/nuestra-labor-consiste-en-allanar-el-camino-a-nuestros-jovenes-y-procurar-que-no-se-sientan-solos\/#breadcrumb","itemListElement":[{"@type":"ListItem","position":1,"name":"Portada","item":"https:\/\/juristasgitanos.org\/"},{"@type":"ListItem","position":2,"name":"ENTREVISTAS CON JURISTAS Vanessa Rosa Rosendo (Badajoz)"}]},{"@type":"WebSite","@id":"https:\/\/juristasgitanos.org\/#website","url":"https:\/\/juristasgitanos.org\/","name":"No Blog Title Set","description":"","publisher":{"@id":"https:\/\/juristasgitanos.org\/#organization"},"potentialAction":[{"@type":"SearchAction","target":{"@type":"EntryPoint","urlTemplate":"https:\/\/juristasgitanos.org\/?s={search_term_string}"},"query-input":"required name=search_term_string"}],"inLanguage":"en-US"},{"@type":"Organization","@id":"https:\/\/juristasgitanos.org\/#organization","name":"No Blog Title Set","url":"https:\/\/juristasgitanos.org\/","logo":{"@type":"ImageObject","inLanguage":"en-US","@id":"https:\/\/juristasgitanos.org\/#\/schema\/logo\/image\/","url":"http:\/\/juristasgitanos.org\/wp-content\/uploads\/2021\/04\/fb-share-1.jpg","contentUrl":"http:\/\/juristasgitanos.org\/wp-content\/uploads\/2021\/04\/fb-share-1.jpg","width":1044,"height":548,"caption":"No Blog Title Set"},"image":{"@id":"https:\/\/juristasgitanos.org\/#\/schema\/logo\/image\/"},"sameAs":["https:\/\/api.whatsapp.com\/send?phone=34675931823"]},{"@type":"Person","@id":"https:\/\/juristasgitanos.org\/#\/schema\/person\/ef503dcece38657abfa49e3d26308a3b","name":"Emilio Israel Cort\u00e9s Santiago","image":{"@type":"ImageObject","inLanguage":"en-US","@id":"https:\/\/juristasgitanos.org\/#\/schema\/person\/image\/","url":"https:\/\/secure.gravatar.com\/avatar\/ce7940dc67a2e45817dde279c7868e10?s=96&d=mm&r=g","contentUrl":"https:\/\/secure.gravatar.com\/avatar\/ce7940dc67a2e45817dde279c7868e10?s=96&d=mm&r=g","caption":"Emilio Israel Cort\u00e9s Santiago"},"description":"Licenciado en Derecho y M\u00e1ster en RRHH. Ha trabajado durante 6 a\u00f1os en el \u00e1mbito social, en diferentes organizaciones gitanas, como gestor de proyectos sociales y formador. Adem\u00e1s, ha estado vinculado por 8 a\u00f1os a la Administraci\u00f3n P\u00fablica, en el \u00e1mbito municipal y auton\u00f3mico. Ha dirigido los cursos de Introducci\u00f3n a los Delitos de Odio y de Aproximaci\u00f3n al Antigitanismo de la Universidad Polit\u00e9cnica de Valencia, y el programa de Gesti\u00f3n e Innovaci\u00f3n de Organizaciones Sociales de Fundeun, en la Universidad de Alicante, en los que tambi\u00e9n ha participado como docente.","url":"https:\/\/juristasgitanos.org\/en\/author\/emilio-israel\/"}]}},"_links":{"self":[{"href":"https:\/\/juristasgitanos.org\/en\/wp-json\/wp\/v2\/posts\/57973"}],"collection":[{"href":"https:\/\/juristasgitanos.org\/en\/wp-json\/wp\/v2\/posts"}],"about":[{"href":"https:\/\/juristasgitanos.org\/en\/wp-json\/wp\/v2\/types\/post"}],"author":[{"embeddable":true,"href":"https:\/\/juristasgitanos.org\/en\/wp-json\/wp\/v2\/users\/3"}],"replies":[{"embeddable":true,"href":"https:\/\/juristasgitanos.org\/en\/wp-json\/wp\/v2\/comments?post=57973"}],"version-history":[{"count":6,"href":"https:\/\/juristasgitanos.org\/en\/wp-json\/wp\/v2\/posts\/57973\/revisions"}],"predecessor-version":[{"id":59302,"href":"https:\/\/juristasgitanos.org\/en\/wp-json\/wp\/v2\/posts\/57973\/revisions\/59302"}],"wp:featuredmedia":[{"embeddable":true,"href":"https:\/\/juristasgitanos.org\/en\/wp-json\/wp\/v2\/media\/57976"}],"wp:attachment":[{"href":"https:\/\/juristasgitanos.org\/en\/wp-json\/wp\/v2\/media?parent=57973"}],"wp:term":[{"taxonomy":"category","embeddable":true,"href":"https:\/\/juristasgitanos.org\/en\/wp-json\/wp\/v2\/categories?post=57973"},{"taxonomy":"post_tag","embeddable":true,"href":"https:\/\/juristasgitanos.org\/en\/wp-json\/wp\/v2\/tags?post=57973"}],"curies":[{"name":"wp","href":"https:\/\/api.w.org\/{rel}","templated":true}]}}