{"id":51788,"date":"2022-02-02T14:43:34","date_gmt":"2022-02-02T14:43:34","guid":{"rendered":"http:\/\/juristasgitanos.org\/?p=51788"},"modified":"2022-02-07T18:03:44","modified_gmt":"2022-02-07T18:03:44","slug":"la-audiencia-admite-el-recurso-de-apelacion-de-juristas-gitanos-y-ordena-la-investigacion-de-eduardo-garcia-serrano","status":"publish","type":"post","link":"https:\/\/juristasgitanos.org\/en\/la-audiencia-admite-el-recurso-de-apelacion-de-juristas-gitanos-y-ordena-la-investigacion-de-eduardo-garcia-serrano\/","title":{"rendered":"La Audiencia admite el recurso de Juristas Gitanos y ordena la investigaci\u00f3n de Garc\u00eda Serrano"},"content":{"rendered":"<h5 class=\"has-text-align-left wp-block-heading\" id=\"la-audiencia-provincial-de-madrid-ha-admitido-el-recurso-de-apelacion-de-juristas-gitanos-y-ha-ordenado-la-investigacion-de-eduardo-garcia-serrano-por-un-presunto-delito-de-odio-contra-el-pueblo-gitano\"><strong>La Audiencia Provincial de Madrid ha admitido el recurso de apelaci\u00f3n de Juristas Gitanos y ha ordenado la investigaci\u00f3n de Eduardo Garc\u00eda Serrano por un presunto delito de odio contra el Pueblo Gitano.<\/strong><\/h5>\n\n\n\n<p>El <a href=\"http:\/\/juristasgitanos.org\/en\/juristas-gitanos-recurre-el-archivo-de-la-denuncia-contra-eduardo-garcia-serrano\/\">recurso de apelaci\u00f3n<\/a> interpuesto por parte de la <strong>Asociaci\u00f3n de Juristas Gitanos<\/strong> y el <strong><a href=\"http:\/\/juristasgitanos.org\/en\/la-fiscalia-se-une-a-juristas-gitanos\/\">Ministerio Fiscal<\/a><\/strong> tras el sobreseimiento de la denuncia contra Eduardo Garc\u00eda Serrano ha sido admitido por la Audiencia Provincial de Madrid y se ha ordenado, a su vez, la apertura de una investigaci\u00f3n que permita verificar la difusi\u00f3n y entidad de las manifestaciones vertidas por el periodista contra el Pueblo Gitano y determinar si constituyen efectivamente un delito de odio.<\/p>\n\n\n\n<p>Los <a href=\"http:\/\/juristasgitanos.org\/en\/juristas-gitanos-contra-eduardo-garcia\/\">hechos denunciados<\/a> se remontan al 30 de julio de 2020, en el marco del acto institucional de conmemoraci\u00f3n del <strong>Samudarip\u00e9n<\/strong>, el genocidio nazi que se cobr\u00f3 la vida de m\u00e1s de un mill\u00f3n de roman\u00edes, y la <strong>Gran Redada<\/strong>, que fue el primer intento de exterminio de los gitanos en Espa\u00f1a.<\/p>\n\n\n\n<hr class=\"wp-block-separator\"\/>\n\n\n\n<blockquote class=\"wp-block-quote is-style-large\"><p><strong><em>Deber\u00edan ser los gitanos quienes pidieran perd\u00f3n por crear un estado tribal dentro de un Estado moderno<\/em>.\u00bb<\/strong><\/p><cite>Eduardo Garc\u00eda Serrano, al ser preguntado sobre si se deber\u00eda pedir perd\u00f3n al Pueblo Gitano por la persecuci\u00f3n institucional sufrida durante siglos.<\/cite><\/blockquote>\n\n\n\n<hr class=\"wp-block-separator\"\/>\n\n\n\n<figure class=\"wp-block-image size-large\"><img loading=\"lazy\" decoding=\"async\" width=\"1024\" height=\"373\" src=\"http:\/\/juristasgitanos.org\/wp-content\/uploads\/2021\/01\/Copia-de-Marcos-Santiago-1024x373.png\" alt=\"\" class=\"wp-image-1369\" srcset=\"https:\/\/juristasgitanos.org\/wp-content\/uploads\/2021\/01\/Copia-de-Marcos-Santiago-1024x373.png 1024w, https:\/\/juristasgitanos.org\/wp-content\/uploads\/2021\/01\/Copia-de-Marcos-Santiago-300x109.png 300w, https:\/\/juristasgitanos.org\/wp-content\/uploads\/2021\/01\/Copia-de-Marcos-Santiago-768x280.png 768w, https:\/\/juristasgitanos.org\/wp-content\/uploads\/2021\/01\/Copia-de-Marcos-Santiago-1536x560.png 1536w, https:\/\/juristasgitanos.org\/wp-content\/uploads\/2021\/01\/Copia-de-Marcos-Santiago-260x95.png 260w, https:\/\/juristasgitanos.org\/wp-content\/uploads\/2021\/01\/Copia-de-Marcos-Santiago-50x18.png 50w, https:\/\/juristasgitanos.org\/wp-content\/uploads\/2021\/01\/Copia-de-Marcos-Santiago-150x55.png 150w, https:\/\/juristasgitanos.org\/wp-content\/uploads\/2021\/01\/Copia-de-Marcos-Santiago.png 2000w\" sizes=\"(max-width:767px) 480px, (max-width:1024px) 100vw, 1024px\" \/><figcaption>Marcos Santiago, abogado.<\/figcaption><\/figure>\n\n\n\n<p>En relaci\u00f3n a este evento, Garc\u00eda Serrano, quien participaba como contertulio en el programa televisivo <strong>\u201cEl Gato al Agua\u201d<\/strong>, de \u201cEl Toro TV\u201d, profiri\u00f3 unas graves declaraciones contra los gitanos a quienes acus\u00f3 de practicar un modo de vida al margen de la ley, present\u00e1ndolos como una amenaza social que no debiera permitirse. Seg\u00fan el tertuliano, no deber\u00eda pedirse perd\u00f3n al Pueblo Gitano por la persecuci\u00f3n institucional sufrida, sino que \u201cdeber\u00edan ser los gitanos quienes pidieran perd\u00f3n\u201d por haberles consentido \u201ccrear un estado tribal dentro de un Estado moderno\u201d.<\/p>\n\n\n\n<p>Con sus palabras el periodista no solo justifica t\u00e1citamente la barbarie contra los gitanos, sino que discrimina, menosprecia, humilla y criminaliza a todos los miembros de esta comunidad de forma gratuita y colectiva. El presunto agresor se sirve adem\u00e1s, de un medio de m\u00e1xima audiencia para difundir una imagen del Pueblo Gitano estereotipada y prejuiciada que atenta contra la pac\u00edfica convivencia y la dignidad de cualquier persona perteneciente a esta minor\u00eda \u00e9tnica.&nbsp;<\/p>\n\n\n\n<hr class=\"wp-block-separator\"\/>\n\n\n\n<blockquote class=\"wp-block-quote is-style-large\"><p><strong>Con sus palabras Garc\u00eda Serrano discrimina, menosprecia, humilla y criminaliza a todos los miembros de la comunidad gitana de forma gratuita y colectiva\u00bb.<\/strong><\/p><cite>Juristas Gitanos<\/cite><\/blockquote>\n\n\n\n<hr class=\"wp-block-separator\"\/>\n\n\n\n<p>La Audiencia Provincial entiende ahora que tales declaraciones podr\u00edan constituir un delito de odio y ha ordenado su devoluci\u00f3n al Juzgado de Instrucci\u00f3n para que inicie la investigaci\u00f3n pertinente, dando as\u00ed la raz\u00f3n a los argumentos presentados en apelaci\u00f3n por el abogado cordob\u00e9s de Juristas Gitanos, <strong>Marcos Santiago Cort\u00e9s.<\/strong><\/p>\n\n\n\n<figure class=\"wp-block-gallery has-nested-images columns-default is-cropped wp-block-gallery-1 is-layout-flex wp-block-gallery-is-layout-flex\">\n<figure class=\"wp-block-image size-large\"><img loading=\"lazy\" decoding=\"async\" width=\"421\" height=\"117\" data-id=\"101\" src=\"http:\/\/juristasgitanos.org\/wp-content\/uploads\/2020\/11\/Logo3i1.png\" alt=\"\" class=\"wp-image-101\" srcset=\"https:\/\/juristasgitanos.org\/wp-content\/uploads\/2020\/11\/Logo3i1.png 421w, https:\/\/juristasgitanos.org\/wp-content\/uploads\/2020\/11\/Logo3i1-300x83.png 300w, https:\/\/juristasgitanos.org\/wp-content\/uploads\/2020\/11\/Logo3i1-260x72.png 260w, https:\/\/juristasgitanos.org\/wp-content\/uploads\/2020\/11\/Logo3i1-50x14.png 50w, https:\/\/juristasgitanos.org\/wp-content\/uploads\/2020\/11\/Logo3i1-150x42.png 150w\" sizes=\"(max-width:767px) 421px, 421px\" \/><\/figure>\n<\/figure>","protected":false},"excerpt":{"rendered":"<p>La Audiencia admite el recurso de apelaci\u00f3n de Juristas Gitanos y ordena la investigaci\u00f3n de Eduardo Garc\u00eda Serrano<\/p>","protected":false},"author":3,"featured_media":948,"comment_status":"open","ping_status":"open","sticky":true,"template":"","format":"standard","meta":{"_bbp_topic_count":0,"_bbp_reply_count":0,"_bbp_total_topic_count":0,"_bbp_total_reply_count":0,"_bbp_voice_count":0,"_bbp_anonymous_reply_count":0,"_bbp_topic_count_hidden":0,"_bbp_reply_count_hidden":0,"_bbp_forum_subforum_count":0,"footnotes":""},"categories":[6,9],"tags":[13,80,65,10,55,85,81,69,22,56,48,49],"yoast_head":"<!-- This site is optimized with the Yoast SEO plugin v22.4 - https:\/\/yoast.com\/wordpress\/plugins\/seo\/ -->\n<title>Garc\u00eda Serrano ser\u00e1 investigado por un delito de odio contra los gitanos<\/title>\n<meta name=\"description\" content=\"La Audiencia Provincial de Madrid ha admitido el recurso de apelaci\u00f3n de Juristas Gitanos por lo que Eduardo Garc\u00eda Serrano ser\u00e1 investigado por un presunto delito de odio contra el Pueblo Gitano.\" \/>\n<meta name=\"robots\" content=\"index, follow, max-snippet:-1, max-image-preview:large, max-video-preview:-1\" \/>\n<link rel=\"canonical\" href=\"https:\/\/juristasgitanos.org\/en\/la-audiencia-admite-el-recurso-de-apelacion-de-juristas-gitanos-y-ordena-la-investigacion-de-eduardo-garcia-serrano\/\" \/>\n<meta property=\"og:locale\" content=\"en_US\" \/>\n<meta property=\"og:type\" content=\"article\" \/>\n<meta property=\"og:title\" content=\"Eduardo Garc\u00eda Serrano ser\u00e1 investigado por un presunto delito de odio\" \/>\n<meta property=\"og:description\" content=\"La Audiencia Provincial de Madrid ha admitido el recurso de apelaci\u00f3n de Juristas Gitanos y ha ordenado la investigaci\u00f3n de Eduardo Garc\u00eda Serrano por un presunto delito de odio contra el Pueblo Gitano.\" \/>\n<meta property=\"og:url\" content=\"https:\/\/juristasgitanos.org\/en\/la-audiencia-admite-el-recurso-de-apelacion-de-juristas-gitanos-y-ordena-la-investigacion-de-eduardo-garcia-serrano\/\" \/>\n<meta property=\"og:site_name\" content=\"No Blog Title Set\" \/>\n<meta property=\"article:published_time\" content=\"2022-02-02T14:43:34+00:00\" \/>\n<meta property=\"article:modified_time\" content=\"2022-02-07T18:03:44+00:00\" \/>\n<meta property=\"og:image\" content=\"https:\/\/juristasgitanos.org\/wp-content\/uploads\/2021\/03\/eduardo-garcia-serrano-intereconomia-scaled.jpeg\" \/>\n\t<meta property=\"og:image:width\" content=\"2560\" \/>\n\t<meta property=\"og:image:height\" content=\"1493\" \/>\n\t<meta property=\"og:image:type\" content=\"image\/jpeg\" \/>\n<meta name=\"author\" content=\"Emilio Israel Cort\u00e9s Santiago\" \/>\n<meta name=\"twitter:card\" content=\"summary_large_image\" \/>\n<meta name=\"twitter:title\" content=\"Eduardo Garc\u00eda Serrano ser\u00e1 investigado por un presunto delito de odio\" \/>\n<meta name=\"twitter:description\" content=\"La Audiencia Provincial de Madrid ha admitido el recurso de apelaci\u00f3n de Juristas Gitanos y ha ordenado la investigaci\u00f3n de Eduardo Garc\u00eda Serrano por un presunto delito de odio contra el Pueblo Gitano.\" \/>\n<meta name=\"twitter:image\" content=\"https:\/\/juristasgitanos.org\/wp-content\/uploads\/2021\/03\/eduardo-garcia-serrano-intereconomia-scaled.jpeg\" \/>\n<meta name=\"twitter:label1\" content=\"Written by\" \/>\n\t<meta name=\"twitter:data1\" content=\"Emilio Israel Cort\u00e9s Santiago\" \/>\n\t<meta name=\"twitter:label2\" content=\"Est. reading time\" \/>\n\t<meta name=\"twitter:data2\" content=\"3 minutes\" \/>\n<script type=\"application\/ld+json\" class=\"yoast-schema-graph\">{\"@context\":\"https:\/\/schema.org\",\"@graph\":[{\"@type\":\"Article\",\"@id\":\"https:\/\/juristasgitanos.org\/en\/la-audiencia-admite-el-recurso-de-apelacion-de-juristas-gitanos-y-ordena-la-investigacion-de-eduardo-garcia-serrano\/#article\",\"isPartOf\":{\"@id\":\"https:\/\/juristasgitanos.org\/en\/la-audiencia-admite-el-recurso-de-apelacion-de-juristas-gitanos-y-ordena-la-investigacion-de-eduardo-garcia-serrano\/\"},\"author\":{\"name\":\"Emilio Israel Cort\u00e9s Santiago\",\"@id\":\"https:\/\/juristasgitanos.org\/#\/schema\/person\/ef503dcece38657abfa49e3d26308a3b\"},\"headline\":\"La Audiencia admite el recurso de Juristas Gitanos y ordena la investigaci\u00f3n de Garc\u00eda Serrano\",\"datePublished\":\"2022-02-02T14:43:34+00:00\",\"dateModified\":\"2022-02-07T18:03:44+00:00\",\"mainEntityOfPage\":{\"@id\":\"https:\/\/juristasgitanos.org\/en\/la-audiencia-admite-el-recurso-de-apelacion-de-juristas-gitanos-y-ordena-la-investigacion-de-eduardo-garcia-serrano\/\"},\"wordCount\":496,\"commentCount\":0,\"publisher\":{\"@id\":\"https:\/\/juristasgitanos.org\/#organization\"},\"image\":{\"@id\":\"https:\/\/juristasgitanos.org\/en\/la-audiencia-admite-el-recurso-de-apelacion-de-juristas-gitanos-y-ordena-la-investigacion-de-eduardo-garcia-serrano\/#primaryimage\"},\"thumbnailUrl\":\"https:\/\/juristasgitanos.org\/wp-content\/uploads\/2021\/03\/eduardo-garcia-serrano-intereconomia-scaled.jpeg\",\"keywords\":[\"abogado-gitano\",\"apelacion\",\"audiencia\",\"delitos-de-odio\",\"fiscalia\",\"garcia-serrano\",\"investigacion\",\"libertad-de-expresi\u00f3n\",\"marcos-santiago\",\"racismo\",\"recurso\",\"sobreseimiento\"],\"articleSection\":[\"ARTICULOS\",\"COMUNICADO DE PRNSA\"],\"inLanguage\":\"en-US\",\"potentialAction\":[{\"@type\":\"CommentAction\",\"name\":\"Comment\",\"target\":[\"https:\/\/juristasgitanos.org\/en\/la-audiencia-admite-el-recurso-de-apelacion-de-juristas-gitanos-y-ordena-la-investigacion-de-eduardo-garcia-serrano\/#respond\"]}]},{\"@type\":\"WebPage\",\"@id\":\"https:\/\/juristasgitanos.org\/en\/la-audiencia-admite-el-recurso-de-apelacion-de-juristas-gitanos-y-ordena-la-investigacion-de-eduardo-garcia-serrano\/\",\"url\":\"https:\/\/juristasgitanos.org\/en\/la-audiencia-admite-el-recurso-de-apelacion-de-juristas-gitanos-y-ordena-la-investigacion-de-eduardo-garcia-serrano\/\",\"name\":\"Garc\u00eda Serrano ser\u00e1 investigado por un delito de odio contra los gitanos\",\"isPartOf\":{\"@id\":\"https:\/\/juristasgitanos.org\/#website\"},\"primaryImageOfPage\":{\"@id\":\"https:\/\/juristasgitanos.org\/en\/la-audiencia-admite-el-recurso-de-apelacion-de-juristas-gitanos-y-ordena-la-investigacion-de-eduardo-garcia-serrano\/#primaryimage\"},\"image\":{\"@id\":\"https:\/\/juristasgitanos.org\/en\/la-audiencia-admite-el-recurso-de-apelacion-de-juristas-gitanos-y-ordena-la-investigacion-de-eduardo-garcia-serrano\/#primaryimage\"},\"thumbnailUrl\":\"https:\/\/juristasgitanos.org\/wp-content\/uploads\/2021\/03\/eduardo-garcia-serrano-intereconomia-scaled.jpeg\",\"datePublished\":\"2022-02-02T14:43:34+00:00\",\"dateModified\":\"2022-02-07T18:03:44+00:00\",\"description\":\"La Audiencia Provincial de Madrid ha admitido el recurso de apelaci\u00f3n de Juristas Gitanos por lo que Eduardo Garc\u00eda Serrano ser\u00e1 investigado por un presunto delito de odio contra el Pueblo Gitano.\",\"breadcrumb\":{\"@id\":\"https:\/\/juristasgitanos.org\/en\/la-audiencia-admite-el-recurso-de-apelacion-de-juristas-gitanos-y-ordena-la-investigacion-de-eduardo-garcia-serrano\/#breadcrumb\"},\"inLanguage\":\"en-US\",\"potentialAction\":[{\"@type\":\"ReadAction\",\"target\":[\"https:\/\/juristasgitanos.org\/en\/la-audiencia-admite-el-recurso-de-apelacion-de-juristas-gitanos-y-ordena-la-investigacion-de-eduardo-garcia-serrano\/\"]}]},{\"@type\":\"ImageObject\",\"inLanguage\":\"en-US\",\"@id\":\"https:\/\/juristasgitanos.org\/en\/la-audiencia-admite-el-recurso-de-apelacion-de-juristas-gitanos-y-ordena-la-investigacion-de-eduardo-garcia-serrano\/#primaryimage\",\"url\":\"https:\/\/juristasgitanos.org\/wp-content\/uploads\/2021\/03\/eduardo-garcia-serrano-intereconomia-scaled.jpeg\",\"contentUrl\":\"https:\/\/juristasgitanos.org\/wp-content\/uploads\/2021\/03\/eduardo-garcia-serrano-intereconomia-scaled.jpeg\",\"width\":2560,\"height\":1493},{\"@type\":\"BreadcrumbList\",\"@id\":\"https:\/\/juristasgitanos.org\/en\/la-audiencia-admite-el-recurso-de-apelacion-de-juristas-gitanos-y-ordena-la-investigacion-de-eduardo-garcia-serrano\/#breadcrumb\",\"itemListElement\":[{\"@type\":\"ListItem\",\"position\":1,\"name\":\"Portada\",\"item\":\"https:\/\/juristasgitanos.org\/\"},{\"@type\":\"ListItem\",\"position\":2,\"name\":\"La Audiencia admite el recurso de Juristas Gitanos y ordena la investigaci\u00f3n de Garc\u00eda Serrano\"}]},{\"@type\":\"WebSite\",\"@id\":\"https:\/\/juristasgitanos.org\/#website\",\"url\":\"https:\/\/juristasgitanos.org\/\",\"name\":\"No Blog Title Set\",\"description\":\"\",\"publisher\":{\"@id\":\"https:\/\/juristasgitanos.org\/#organization\"},\"potentialAction\":[{\"@type\":\"SearchAction\",\"target\":{\"@type\":\"EntryPoint\",\"urlTemplate\":\"https:\/\/juristasgitanos.org\/?s={search_term_string}\"},\"query-input\":\"required name=search_term_string\"}],\"inLanguage\":\"en-US\"},{\"@type\":\"Organization\",\"@id\":\"https:\/\/juristasgitanos.org\/#organization\",\"name\":\"No Blog Title Set\",\"url\":\"https:\/\/juristasgitanos.org\/\",\"logo\":{\"@type\":\"ImageObject\",\"inLanguage\":\"en-US\",\"@id\":\"https:\/\/juristasgitanos.org\/#\/schema\/logo\/image\/\",\"url\":\"http:\/\/juristasgitanos.org\/wp-content\/uploads\/2021\/04\/fb-share-1.jpg\",\"contentUrl\":\"http:\/\/juristasgitanos.org\/wp-content\/uploads\/2021\/04\/fb-share-1.jpg\",\"width\":1044,\"height\":548,\"caption\":\"No Blog Title Set\"},\"image\":{\"@id\":\"https:\/\/juristasgitanos.org\/#\/schema\/logo\/image\/\"},\"sameAs\":[\"https:\/\/api.whatsapp.com\/send?phone=34675931823\"]},{\"@type\":\"Person\",\"@id\":\"https:\/\/juristasgitanos.org\/#\/schema\/person\/ef503dcece38657abfa49e3d26308a3b\",\"name\":\"Emilio Israel Cort\u00e9s Santiago\",\"image\":{\"@type\":\"ImageObject\",\"inLanguage\":\"en-US\",\"@id\":\"https:\/\/juristasgitanos.org\/#\/schema\/person\/image\/\",\"url\":\"https:\/\/secure.gravatar.com\/avatar\/ce7940dc67a2e45817dde279c7868e10?s=96&d=mm&r=g\",\"contentUrl\":\"https:\/\/secure.gravatar.com\/avatar\/ce7940dc67a2e45817dde279c7868e10?s=96&d=mm&r=g\",\"caption\":\"Emilio Israel Cort\u00e9s Santiago\"},\"description\":\"Licenciado en Derecho y M\u00e1ster en RRHH. Ha trabajado durante 6 a\u00f1os en el \u00e1mbito social, en diferentes organizaciones gitanas, como gestor de proyectos sociales y formador. Adem\u00e1s, ha estado vinculado por 8 a\u00f1os a la Administraci\u00f3n P\u00fablica, en el \u00e1mbito municipal y auton\u00f3mico. Ha dirigido los cursos de Introducci\u00f3n a los Delitos de Odio y de Aproximaci\u00f3n al Antigitanismo de la Universidad Polit\u00e9cnica de Valencia, y el programa de Gesti\u00f3n e Innovaci\u00f3n de Organizaciones Sociales de Fundeun, en la Universidad de Alicante, en los que tambi\u00e9n ha participado como docente.\",\"url\":\"https:\/\/juristasgitanos.org\/en\/author\/emilio-israel\/\"}]}<\/script>\n<!-- \/ Yoast SEO plugin. -->","yoast_head_json":{"title":"Garc\u00eda Serrano ser\u00e1 investigado por un delito de odio contra los gitanos","description":"La Audiencia Provincial de Madrid ha admitido el recurso de apelaci\u00f3n de Juristas Gitanos por lo que Eduardo Garc\u00eda Serrano ser\u00e1 investigado por un presunto delito de odio contra el Pueblo Gitano.","robots":{"index":"index","follow":"follow","max-snippet":"max-snippet:-1","max-image-preview":"max-image-preview:large","max-video-preview":"max-video-preview:-1"},"canonical":"https:\/\/juristasgitanos.org\/en\/la-audiencia-admite-el-recurso-de-apelacion-de-juristas-gitanos-y-ordena-la-investigacion-de-eduardo-garcia-serrano\/","og_locale":"en_US","og_type":"article","og_title":"Eduardo Garc\u00eda Serrano ser\u00e1 investigado por un presunto delito de odio","og_description":"La Audiencia Provincial de Madrid ha admitido el recurso de apelaci\u00f3n de Juristas Gitanos y ha ordenado la investigaci\u00f3n de Eduardo Garc\u00eda Serrano por un presunto delito de odio contra el Pueblo Gitano.","og_url":"https:\/\/juristasgitanos.org\/en\/la-audiencia-admite-el-recurso-de-apelacion-de-juristas-gitanos-y-ordena-la-investigacion-de-eduardo-garcia-serrano\/","og_site_name":"No Blog Title Set","article_published_time":"2022-02-02T14:43:34+00:00","article_modified_time":"2022-02-07T18:03:44+00:00","og_image":[{"width":2560,"height":1493,"url":"https:\/\/juristasgitanos.org\/wp-content\/uploads\/2021\/03\/eduardo-garcia-serrano-intereconomia-scaled.jpeg","type":"image\/jpeg"}],"author":"Emilio Israel Cort\u00e9s Santiago","twitter_card":"summary_large_image","twitter_title":"Eduardo Garc\u00eda Serrano ser\u00e1 investigado por un presunto delito de odio","twitter_description":"La Audiencia Provincial de Madrid ha admitido el recurso de apelaci\u00f3n de Juristas Gitanos y ha ordenado la investigaci\u00f3n de Eduardo Garc\u00eda Serrano por un presunto delito de odio contra el Pueblo Gitano.","twitter_image":"https:\/\/juristasgitanos.org\/wp-content\/uploads\/2021\/03\/eduardo-garcia-serrano-intereconomia-scaled.jpeg","twitter_misc":{"Written by":"Emilio Israel Cort\u00e9s Santiago","Est. reading time":"3 minutes"},"schema":{"@context":"https:\/\/schema.org","@graph":[{"@type":"Article","@id":"https:\/\/juristasgitanos.org\/en\/la-audiencia-admite-el-recurso-de-apelacion-de-juristas-gitanos-y-ordena-la-investigacion-de-eduardo-garcia-serrano\/#article","isPartOf":{"@id":"https:\/\/juristasgitanos.org\/en\/la-audiencia-admite-el-recurso-de-apelacion-de-juristas-gitanos-y-ordena-la-investigacion-de-eduardo-garcia-serrano\/"},"author":{"name":"Emilio Israel Cort\u00e9s Santiago","@id":"https:\/\/juristasgitanos.org\/#\/schema\/person\/ef503dcece38657abfa49e3d26308a3b"},"headline":"La Audiencia admite el recurso de Juristas Gitanos y ordena la investigaci\u00f3n de Garc\u00eda Serrano","datePublished":"2022-02-02T14:43:34+00:00","dateModified":"2022-02-07T18:03:44+00:00","mainEntityOfPage":{"@id":"https:\/\/juristasgitanos.org\/en\/la-audiencia-admite-el-recurso-de-apelacion-de-juristas-gitanos-y-ordena-la-investigacion-de-eduardo-garcia-serrano\/"},"wordCount":496,"commentCount":0,"publisher":{"@id":"https:\/\/juristasgitanos.org\/#organization"},"image":{"@id":"https:\/\/juristasgitanos.org\/en\/la-audiencia-admite-el-recurso-de-apelacion-de-juristas-gitanos-y-ordena-la-investigacion-de-eduardo-garcia-serrano\/#primaryimage"},"thumbnailUrl":"https:\/\/juristasgitanos.org\/wp-content\/uploads\/2021\/03\/eduardo-garcia-serrano-intereconomia-scaled.jpeg","keywords":["abogado-gitano","apelacion","audiencia","delitos-de-odio","fiscalia","garcia-serrano","investigacion","libertad-de-expresi\u00f3n","marcos-santiago","racismo","recurso","sobreseimiento"],"articleSection":["ARTICULOS","COMUNICADO DE PRNSA"],"inLanguage":"en-US","potentialAction":[{"@type":"CommentAction","name":"Comment","target":["https:\/\/juristasgitanos.org\/en\/la-audiencia-admite-el-recurso-de-apelacion-de-juristas-gitanos-y-ordena-la-investigacion-de-eduardo-garcia-serrano\/#respond"]}]},{"@type":"WebPage","@id":"https:\/\/juristasgitanos.org\/en\/la-audiencia-admite-el-recurso-de-apelacion-de-juristas-gitanos-y-ordena-la-investigacion-de-eduardo-garcia-serrano\/","url":"https:\/\/juristasgitanos.org\/en\/la-audiencia-admite-el-recurso-de-apelacion-de-juristas-gitanos-y-ordena-la-investigacion-de-eduardo-garcia-serrano\/","name":"Garc\u00eda Serrano ser\u00e1 investigado por un delito de odio contra los gitanos","isPartOf":{"@id":"https:\/\/juristasgitanos.org\/#website"},"primaryImageOfPage":{"@id":"https:\/\/juristasgitanos.org\/en\/la-audiencia-admite-el-recurso-de-apelacion-de-juristas-gitanos-y-ordena-la-investigacion-de-eduardo-garcia-serrano\/#primaryimage"},"image":{"@id":"https:\/\/juristasgitanos.org\/en\/la-audiencia-admite-el-recurso-de-apelacion-de-juristas-gitanos-y-ordena-la-investigacion-de-eduardo-garcia-serrano\/#primaryimage"},"thumbnailUrl":"https:\/\/juristasgitanos.org\/wp-content\/uploads\/2021\/03\/eduardo-garcia-serrano-intereconomia-scaled.jpeg","datePublished":"2022-02-02T14:43:34+00:00","dateModified":"2022-02-07T18:03:44+00:00","description":"La Audiencia Provincial de Madrid ha admitido el recurso de apelaci\u00f3n de Juristas Gitanos por lo que Eduardo Garc\u00eda Serrano ser\u00e1 investigado por un presunto delito de odio contra el Pueblo Gitano.","breadcrumb":{"@id":"https:\/\/juristasgitanos.org\/en\/la-audiencia-admite-el-recurso-de-apelacion-de-juristas-gitanos-y-ordena-la-investigacion-de-eduardo-garcia-serrano\/#breadcrumb"},"inLanguage":"en-US","potentialAction":[{"@type":"ReadAction","target":["https:\/\/juristasgitanos.org\/en\/la-audiencia-admite-el-recurso-de-apelacion-de-juristas-gitanos-y-ordena-la-investigacion-de-eduardo-garcia-serrano\/"]}]},{"@type":"ImageObject","inLanguage":"en-US","@id":"https:\/\/juristasgitanos.org\/en\/la-audiencia-admite-el-recurso-de-apelacion-de-juristas-gitanos-y-ordena-la-investigacion-de-eduardo-garcia-serrano\/#primaryimage","url":"https:\/\/juristasgitanos.org\/wp-content\/uploads\/2021\/03\/eduardo-garcia-serrano-intereconomia-scaled.jpeg","contentUrl":"https:\/\/juristasgitanos.org\/wp-content\/uploads\/2021\/03\/eduardo-garcia-serrano-intereconomia-scaled.jpeg","width":2560,"height":1493},{"@type":"BreadcrumbList","@id":"https:\/\/juristasgitanos.org\/en\/la-audiencia-admite-el-recurso-de-apelacion-de-juristas-gitanos-y-ordena-la-investigacion-de-eduardo-garcia-serrano\/#breadcrumb","itemListElement":[{"@type":"ListItem","position":1,"name":"Portada","item":"https:\/\/juristasgitanos.org\/"},{"@type":"ListItem","position":2,"name":"La Audiencia admite el recurso de Juristas Gitanos y ordena la investigaci\u00f3n de Garc\u00eda Serrano"}]},{"@type":"WebSite","@id":"https:\/\/juristasgitanos.org\/#website","url":"https:\/\/juristasgitanos.org\/","name":"No Blog Title Set","description":"","publisher":{"@id":"https:\/\/juristasgitanos.org\/#organization"},"potentialAction":[{"@type":"SearchAction","target":{"@type":"EntryPoint","urlTemplate":"https:\/\/juristasgitanos.org\/?s={search_term_string}"},"query-input":"required name=search_term_string"}],"inLanguage":"en-US"},{"@type":"Organization","@id":"https:\/\/juristasgitanos.org\/#organization","name":"No Blog Title Set","url":"https:\/\/juristasgitanos.org\/","logo":{"@type":"ImageObject","inLanguage":"en-US","@id":"https:\/\/juristasgitanos.org\/#\/schema\/logo\/image\/","url":"http:\/\/juristasgitanos.org\/wp-content\/uploads\/2021\/04\/fb-share-1.jpg","contentUrl":"http:\/\/juristasgitanos.org\/wp-content\/uploads\/2021\/04\/fb-share-1.jpg","width":1044,"height":548,"caption":"No Blog Title Set"},"image":{"@id":"https:\/\/juristasgitanos.org\/#\/schema\/logo\/image\/"},"sameAs":["https:\/\/api.whatsapp.com\/send?phone=34675931823"]},{"@type":"Person","@id":"https:\/\/juristasgitanos.org\/#\/schema\/person\/ef503dcece38657abfa49e3d26308a3b","name":"Emilio Israel Cort\u00e9s Santiago","image":{"@type":"ImageObject","inLanguage":"en-US","@id":"https:\/\/juristasgitanos.org\/#\/schema\/person\/image\/","url":"https:\/\/secure.gravatar.com\/avatar\/ce7940dc67a2e45817dde279c7868e10?s=96&d=mm&r=g","contentUrl":"https:\/\/secure.gravatar.com\/avatar\/ce7940dc67a2e45817dde279c7868e10?s=96&d=mm&r=g","caption":"Emilio Israel Cort\u00e9s Santiago"},"description":"Licenciado en Derecho y M\u00e1ster en RRHH. Ha trabajado durante 6 a\u00f1os en el \u00e1mbito social, en diferentes organizaciones gitanas, como gestor de proyectos sociales y formador. Adem\u00e1s, ha estado vinculado por 8 a\u00f1os a la Administraci\u00f3n P\u00fablica, en el \u00e1mbito municipal y auton\u00f3mico. Ha dirigido los cursos de Introducci\u00f3n a los Delitos de Odio y de Aproximaci\u00f3n al Antigitanismo de la Universidad Polit\u00e9cnica de Valencia, y el programa de Gesti\u00f3n e Innovaci\u00f3n de Organizaciones Sociales de Fundeun, en la Universidad de Alicante, en los que tambi\u00e9n ha participado como docente.","url":"https:\/\/juristasgitanos.org\/en\/author\/emilio-israel\/"}]}},"_links":{"self":[{"href":"https:\/\/juristasgitanos.org\/en\/wp-json\/wp\/v2\/posts\/51788"}],"collection":[{"href":"https:\/\/juristasgitanos.org\/en\/wp-json\/wp\/v2\/posts"}],"about":[{"href":"https:\/\/juristasgitanos.org\/en\/wp-json\/wp\/v2\/types\/post"}],"author":[{"embeddable":true,"href":"https:\/\/juristasgitanos.org\/en\/wp-json\/wp\/v2\/users\/3"}],"replies":[{"embeddable":true,"href":"https:\/\/juristasgitanos.org\/en\/wp-json\/wp\/v2\/comments?post=51788"}],"version-history":[{"count":1,"href":"https:\/\/juristasgitanos.org\/en\/wp-json\/wp\/v2\/posts\/51788\/revisions"}],"predecessor-version":[{"id":59246,"href":"https:\/\/juristasgitanos.org\/en\/wp-json\/wp\/v2\/posts\/51788\/revisions\/59246"}],"wp:featuredmedia":[{"embeddable":true,"href":"https:\/\/juristasgitanos.org\/en\/wp-json\/wp\/v2\/media\/948"}],"wp:attachment":[{"href":"https:\/\/juristasgitanos.org\/en\/wp-json\/wp\/v2\/media?parent=51788"}],"wp:term":[{"taxonomy":"category","embeddable":true,"href":"https:\/\/juristasgitanos.org\/en\/wp-json\/wp\/v2\/categories?post=51788"},{"taxonomy":"post_tag","embeddable":true,"href":"https:\/\/juristasgitanos.org\/en\/wp-json\/wp\/v2\/tags?post=51788"}],"curies":[{"name":"wp","href":"https:\/\/api.w.org\/{rel}","templated":true}]}}