{"id":338,"date":"2020-07-09T21:29:40","date_gmt":"2020-07-09T21:29:40","guid":{"rendered":"http:\/\/juristasgitanos.org\/?p=338"},"modified":"2021-03-30T08:00:21","modified_gmt":"2021-03-30T08:00:21","slug":"denuncia-fiscalia-delitos-odio-muerte-daniel-jimenez","status":"publish","type":"post","link":"https:\/\/juristasgitanos.org\/en\/denuncia-fiscalia-delitos-odio-muerte-daniel-jimenez\/","title":{"rendered":"Juristas Gitanos denuncia ante la Fiscal\u00eda de Delitos de Odio la muerte de Daniel Jim\u00e9nez"},"content":{"rendered":"<p id=\"block-bf0c7dd6-5b82-4fc4-aecc-f8e0a040617a\"><strong>La Asociaci\u00f3n de Juristas Gitanos denuncia ante la Fiscal\u00eda de Delitos de Odio la muerte de Daniel Jim\u00e9nez en la comisar\u00eda de Algeciras<\/strong><\/p>\n\n\n\n<p id=\"block-b916556e-9412-408c-b2e2-dcdb67aaac03\">La Asociaci\u00f3n de Juristas Gitanos ha interpuesto denuncia ante la Fiscal\u00eda de Delitos de Odio de C\u00e1diz por el fallecimiento de <strong>Daniel Jim\u00e9nez<\/strong> el pasado 1 de Junio en la comisar\u00eda de Algeciras, <strong>ante la sospecha de que la muerte hubiera podido tener una causa distinta a la del suicidio<\/strong> a fin de depurar las responsabilidades penales y civiles que correspondan, si las hubiera.<\/p>\n\n\n\n<p id=\"block-3877a6bb-2465-4daf-bd4b-da69c1da7074\">Recordemos que solo cuatro meses atr\u00e1s, en esta misma comisar\u00eda y tambi\u00e9n bajo custodia policial, fallec\u00eda <strong>Imad Eraffali<\/strong>, un joven marroqu\u00ed de 23 a\u00f1os. En este a\u00f1o, por tanto, son dos los fallecidos en los calabozos de Algeciras pertenecientes a minor\u00edas \u00e9tnicas, gitana y marroqu\u00ed. En ambos casos la muerte se dio, presuntamente, <strong>por asfixia por ahorcamiento con los jirones de una manta<\/strong>, siempre seg\u00fan la versi\u00f3n policial.&nbsp;<\/p>\n\n\n\n<p id=\"block-97e33bee-86b3-4436-8867-4fec2c6e0afa\">Se ha solicitado a la Fiscal\u00eda que admita y ordene la pr\u00e1ctica de diligencias. Entre ellas, la <strong>identificaci\u00f3n de los agentes responsables de la custodia<\/strong> de Daniel Jim\u00e9nez, el <strong>listado de los detenidos<\/strong> que se encontraban en los calabozos y, la prueba m\u00e1s importante, la copia de <strong>las grabaciones de las c\u00e1maras de vigilancia y seguridad<\/strong>, siendo urgente la necesidad de su aseguramiento ante el riesgo de alteraci\u00f3n, borrado o deterioro.&nbsp;&nbsp;<\/p>\n\n\n\n<p id=\"block-84c4fbe0-7207-48d5-b3fe-05a16ef245f3\">El 2 de Junio, un d\u00eda despu\u00e9s de la muerte de Daniel, la familia denunci\u00f3 los hechos ante el Juzgado de Instrucci\u00f3n n\u00ba4 que, a pesar de los antecedentes y la falta de claridad de lo sucedido, <strong>deneg\u00f3 la pr\u00e1ctica de todas las diligencias solicitadas sin aportar un solo argumento jur\u00eddico<\/strong>. A d\u00eda de hoy, habiendo pasado m\u00e1s de un mes y tras haberse recurrido esta resoluci\u00f3n por parte del letrado de la acusaci\u00f3n particular, ni se ha respondido al recurso, ni se ha practicado diligencia alguna y, lo que es m\u00e1s grave, no se ha aceptado a tr\u00e1mite la personaci\u00f3n de la acusaci\u00f3n.&nbsp;<\/p>\n\n\n\n<p id=\"block-47f7cfe8-9771-497a-9549-7a1d6e2488e0\">Lejos de esclarecer lo sucedido, el bloqueo injustificado de la jueza no solo est\u00e1 impidiendo el acceso al expediente, con la consiguiente vulneraci\u00f3n del ejercicio de la tutela judicial efectiva, sino que est\u00e1 acrecentando las sospechas en torno a la causa del fallecimiento de Daniel.&nbsp;<\/p>\n\n\n\n<p class=\"has-text-align-left\" id=\"block-2031ab1a-54b3-461e-9fd6-f8199631ceda\">El <strong>Defensor del Pueblo<\/strong> investigar\u00e1 las muertes de Daniel e Imad, tras admitir a tr\u00e1mite la queja de la <strong>Asociaci\u00f3n Pro Derechos Humanos de Andaluc\u00eda<\/strong>.<\/p>\n\n\n\n<p class=\"has-text-align-left\" id=\"block-2031ab1a-54b3-461e-9fd6-f8199631ceda\"><br><img loading=\"lazy\" decoding=\"async\" width=\"162\" height=\"205\" src=\"https:\/\/lh6.googleusercontent.com\/zo8fwETTSRqwOhIs1egY1hM9adG4fvkrBAQZofoHR4UybKzDfxkP2KohltIxxdLu8WlSTiWA3zNYy9dJCBvvKamUNtu6WfDj7t8lmdH_R61-1nJFlb-L2PvaD6tyxbsDfkSWM0o\"><\/p>","protected":false},"excerpt":{"rendered":"<p>La Asociaci\u00f3n de Juristas Gitanos denuncia ante la Fiscal\u00eda de Delitos de Odio la muerte de Daniel Jim\u00e9nez en la comisar\u00eda de Algeciras La Asociaci\u00f3n de<span class=\"excerpt-hellip\"> [\u2026]<\/span><\/p>\n","protected":false},"author":11,"featured_media":1438,"comment_status":"open","ping_status":"open","sticky":false,"template":"","format":"standard","meta":{"_bbp_topic_count":0,"_bbp_reply_count":0,"_bbp_total_topic_count":0,"_bbp_total_reply_count":0,"_bbp_voice_count":0,"_bbp_anonymous_reply_count":0,"_bbp_topic_count_hidden":0,"_bbp_reply_count_hidden":0,"_bbp_forum_subforum_count":0,"footnotes":""},"categories":[9,7],"tags":[13,46,43,10,55,54,53,45,44],"yoast_head":"<!-- This site is optimized with the Yoast SEO plugin v22.4 - https:\/\/yoast.com\/wordpress\/plugins\/seo\/ -->\n<title>Juristas Gitanos denuncia ante la Fiscal\u00eda de Delitos de Odio la muerte de Daniel Jim\u00e9nez - No Blog Title Set<\/title>\n<meta name=\"robots\" content=\"index, follow, max-snippet:-1, max-image-preview:large, max-video-preview:-1\" \/>\n<link rel=\"canonical\" href=\"https:\/\/juristasgitanos.org\/en\/denuncia-fiscalia-delitos-odio-muerte-daniel-jimenez\/\" \/>\n<meta property=\"og:locale\" content=\"en_US\" \/>\n<meta property=\"og:type\" content=\"article\" \/>\n<meta property=\"og:title\" content=\"Juristas Gitanos denuncia ante la Fiscal\u00eda de Delitos de Odio la muerte de Daniel Jim\u00e9nez - No Blog Title Set\" \/>\n<meta property=\"og:description\" content=\"La Asociaci\u00f3n de Juristas Gitanos denuncia ante la Fiscal\u00eda de Delitos de Odio la muerte de Daniel Jim\u00e9nez en la comisar\u00eda de Algeciras La Asociaci\u00f3n de [\u2026]\" \/>\n<meta property=\"og:url\" content=\"https:\/\/juristasgitanos.org\/en\/denuncia-fiscalia-delitos-odio-muerte-daniel-jimenez\/\" \/>\n<meta property=\"og:site_name\" content=\"No Blog Title Set\" \/>\n<meta property=\"article:published_time\" content=\"2020-07-09T21:29:40+00:00\" \/>\n<meta property=\"article:modified_time\" content=\"2021-03-30T08:00:21+00:00\" \/>\n<meta property=\"og:image\" content=\"https:\/\/juristasgitanos.org\/wp-content\/uploads\/2020\/07\/WhatsApp-Image-2020-06-25-at-11.44.53-1-600x450-1.jpeg\" \/>\n\t<meta property=\"og:image:width\" content=\"600\" \/>\n\t<meta property=\"og:image:height\" content=\"450\" \/>\n\t<meta property=\"og:image:type\" content=\"image\/jpeg\" \/>\n<meta name=\"author\" content=\"Juristas Gitanos\" \/>\n<meta name=\"twitter:card\" content=\"summary_large_image\" \/>\n<meta name=\"twitter:label1\" content=\"Written by\" \/>\n\t<meta name=\"twitter:data1\" content=\"Juristas Gitanos\" \/>\n\t<meta name=\"twitter:label2\" content=\"Est. reading time\" \/>\n\t<meta name=\"twitter:data2\" content=\"2 minutes\" \/>\n<script type=\"application\/ld+json\" class=\"yoast-schema-graph\">{\"@context\":\"https:\/\/schema.org\",\"@graph\":[{\"@type\":\"Article\",\"@id\":\"https:\/\/juristasgitanos.org\/denuncia-fiscalia-delitos-odio-muerte-daniel-jimenez\/#article\",\"isPartOf\":{\"@id\":\"https:\/\/juristasgitanos.org\/denuncia-fiscalia-delitos-odio-muerte-daniel-jimenez\/\"},\"author\":{\"name\":\"Juristas Gitanos\",\"@id\":\"http:\/\/juristasgitanos.org\/en\/#\/schema\/person\/03b3cca45888ec234943e49796cc3d7f\"},\"headline\":\"Juristas Gitanos denuncia ante la Fiscal\u00eda de Delitos de Odio la muerte de Daniel Jim\u00e9nez\",\"datePublished\":\"2020-07-09T21:29:40+00:00\",\"dateModified\":\"2021-03-30T08:00:21+00:00\",\"mainEntityOfPage\":{\"@id\":\"https:\/\/juristasgitanos.org\/denuncia-fiscalia-delitos-odio-muerte-daniel-jimenez\/\"},\"wordCount\":461,\"commentCount\":0,\"publisher\":{\"@id\":\"http:\/\/juristasgitanos.org\/en\/#organization\"},\"image\":{\"@id\":\"https:\/\/juristasgitanos.org\/denuncia-fiscalia-delitos-odio-muerte-daniel-jimenez\/#primaryimage\"},\"thumbnailUrl\":\"https:\/\/juristasgitanos.org\/wp-content\/uploads\/2020\/07\/WhatsApp-Image-2020-06-25-at-11.44.53-1-600x450-1.jpeg\",\"keywords\":[\"abogado-gitano\",\"Algeciras\",\"Caso-Daniel-Jimenez\",\"delitos-de-odio\",\"fiscalia\",\"luis-mendoza\",\"manuel-reyes\",\"muerte\",\"policia\"],\"articleSection\":[\"COMUNICADO DE PRNSA\",\"NOTICIAS\"],\"inLanguage\":\"en-US\",\"potentialAction\":[{\"@type\":\"CommentAction\",\"name\":\"Comment\",\"target\":[\"https:\/\/juristasgitanos.org\/denuncia-fiscalia-delitos-odio-muerte-daniel-jimenez\/#respond\"]}]},{\"@type\":\"WebPage\",\"@id\":\"https:\/\/juristasgitanos.org\/denuncia-fiscalia-delitos-odio-muerte-daniel-jimenez\/\",\"url\":\"https:\/\/juristasgitanos.org\/denuncia-fiscalia-delitos-odio-muerte-daniel-jimenez\/\",\"name\":\"Juristas Gitanos denuncia ante la Fiscal\u00eda de Delitos de Odio la muerte de Daniel Jim\u00e9nez - No Blog Title Set\",\"isPartOf\":{\"@id\":\"http:\/\/juristasgitanos.org\/en\/#website\"},\"primaryImageOfPage\":{\"@id\":\"https:\/\/juristasgitanos.org\/denuncia-fiscalia-delitos-odio-muerte-daniel-jimenez\/#primaryimage\"},\"image\":{\"@id\":\"https:\/\/juristasgitanos.org\/denuncia-fiscalia-delitos-odio-muerte-daniel-jimenez\/#primaryimage\"},\"thumbnailUrl\":\"https:\/\/juristasgitanos.org\/wp-content\/uploads\/2020\/07\/WhatsApp-Image-2020-06-25-at-11.44.53-1-600x450-1.jpeg\",\"datePublished\":\"2020-07-09T21:29:40+00:00\",\"dateModified\":\"2021-03-30T08:00:21+00:00\",\"breadcrumb\":{\"@id\":\"https:\/\/juristasgitanos.org\/denuncia-fiscalia-delitos-odio-muerte-daniel-jimenez\/#breadcrumb\"},\"inLanguage\":\"en-US\",\"potentialAction\":[{\"@type\":\"ReadAction\",\"target\":[\"https:\/\/juristasgitanos.org\/denuncia-fiscalia-delitos-odio-muerte-daniel-jimenez\/\"]}]},{\"@type\":\"ImageObject\",\"inLanguage\":\"en-US\",\"@id\":\"https:\/\/juristasgitanos.org\/denuncia-fiscalia-delitos-odio-muerte-daniel-jimenez\/#primaryimage\",\"url\":\"https:\/\/juristasgitanos.org\/wp-content\/uploads\/2020\/07\/WhatsApp-Image-2020-06-25-at-11.44.53-1-600x450-1.jpeg\",\"contentUrl\":\"https:\/\/juristasgitanos.org\/wp-content\/uploads\/2020\/07\/WhatsApp-Image-2020-06-25-at-11.44.53-1-600x450-1.jpeg\",\"width\":600,\"height\":450},{\"@type\":\"BreadcrumbList\",\"@id\":\"https:\/\/juristasgitanos.org\/denuncia-fiscalia-delitos-odio-muerte-daniel-jimenez\/#breadcrumb\",\"itemListElement\":[{\"@type\":\"ListItem\",\"position\":1,\"name\":\"Portada\",\"item\":\"http:\/\/juristasgitanos.org\/en\/\"},{\"@type\":\"ListItem\",\"position\":2,\"name\":\"Juristas Gitanos denuncia ante la Fiscal\u00eda de Delitos de Odio la muerte de Daniel Jim\u00e9nez\"}]},{\"@type\":\"WebSite\",\"@id\":\"http:\/\/juristasgitanos.org\/en\/#website\",\"url\":\"http:\/\/juristasgitanos.org\/en\/\",\"name\":\"No Blog Title Set\",\"description\":\"\",\"publisher\":{\"@id\":\"http:\/\/juristasgitanos.org\/en\/#organization\"},\"potentialAction\":[{\"@type\":\"SearchAction\",\"target\":{\"@type\":\"EntryPoint\",\"urlTemplate\":\"http:\/\/juristasgitanos.org\/en\/?s={search_term_string}\"},\"query-input\":\"required name=search_term_string\"}],\"inLanguage\":\"en-US\"},{\"@type\":\"Organization\",\"@id\":\"http:\/\/juristasgitanos.org\/en\/#organization\",\"name\":\"No Blog Title Set\",\"url\":\"http:\/\/juristasgitanos.org\/en\/\",\"logo\":{\"@type\":\"ImageObject\",\"inLanguage\":\"en-US\",\"@id\":\"http:\/\/juristasgitanos.org\/en\/#\/schema\/logo\/image\/\",\"url\":\"http:\/\/juristasgitanos.org\/wp-content\/uploads\/2021\/04\/fb-share-1.jpg\",\"contentUrl\":\"http:\/\/juristasgitanos.org\/wp-content\/uploads\/2021\/04\/fb-share-1.jpg\",\"width\":1044,\"height\":548,\"caption\":\"No Blog Title Set\"},\"image\":{\"@id\":\"http:\/\/juristasgitanos.org\/en\/#\/schema\/logo\/image\/\"},\"sameAs\":[\"https:\/\/api.whatsapp.com\/send?phone=34675931823\"]},{\"@type\":\"Person\",\"@id\":\"http:\/\/juristasgitanos.org\/en\/#\/schema\/person\/03b3cca45888ec234943e49796cc3d7f\",\"name\":\"Juristas Gitanos\",\"image\":{\"@type\":\"ImageObject\",\"inLanguage\":\"en-US\",\"@id\":\"http:\/\/juristasgitanos.org\/en\/#\/schema\/person\/image\/\",\"url\":\"https:\/\/secure.gravatar.com\/avatar\/10af6d64b31d2de137091bff621b528c?s=96&d=mm&r=g\",\"contentUrl\":\"https:\/\/secure.gravatar.com\/avatar\/10af6d64b31d2de137091bff621b528c?s=96&d=mm&r=g\",\"caption\":\"Juristas Gitanos\"},\"sameAs\":[\"http:\/\/juristasgitanos.org\"],\"url\":\"https:\/\/juristasgitanos.org\/en\/author\/jg\/\"}]}<\/script>\n<!-- \/ Yoast SEO plugin. -->","yoast_head_json":{"title":"Juristas Gitanos denuncia ante la Fiscal\u00eda de Delitos de Odio la muerte de Daniel Jim\u00e9nez - No Blog Title Set","robots":{"index":"index","follow":"follow","max-snippet":"max-snippet:-1","max-image-preview":"max-image-preview:large","max-video-preview":"max-video-preview:-1"},"canonical":"https:\/\/juristasgitanos.org\/en\/denuncia-fiscalia-delitos-odio-muerte-daniel-jimenez\/","og_locale":"en_US","og_type":"article","og_title":"Juristas Gitanos denuncia ante la Fiscal\u00eda de Delitos de Odio la muerte de Daniel Jim\u00e9nez - No Blog Title Set","og_description":"La Asociaci\u00f3n de Juristas Gitanos denuncia ante la Fiscal\u00eda de Delitos de Odio la muerte de Daniel Jim\u00e9nez en la comisar\u00eda de Algeciras La Asociaci\u00f3n de [\u2026]","og_url":"https:\/\/juristasgitanos.org\/en\/denuncia-fiscalia-delitos-odio-muerte-daniel-jimenez\/","og_site_name":"No Blog Title Set","article_published_time":"2020-07-09T21:29:40+00:00","article_modified_time":"2021-03-30T08:00:21+00:00","og_image":[{"width":600,"height":450,"url":"https:\/\/juristasgitanos.org\/wp-content\/uploads\/2020\/07\/WhatsApp-Image-2020-06-25-at-11.44.53-1-600x450-1.jpeg","type":"image\/jpeg"}],"author":"Juristas Gitanos","twitter_card":"summary_large_image","twitter_misc":{"Written by":"Juristas Gitanos","Est. reading time":"2 minutes"},"schema":{"@context":"https:\/\/schema.org","@graph":[{"@type":"Article","@id":"https:\/\/juristasgitanos.org\/denuncia-fiscalia-delitos-odio-muerte-daniel-jimenez\/#article","isPartOf":{"@id":"https:\/\/juristasgitanos.org\/denuncia-fiscalia-delitos-odio-muerte-daniel-jimenez\/"},"author":{"name":"Juristas Gitanos","@id":"http:\/\/juristasgitanos.org\/en\/#\/schema\/person\/03b3cca45888ec234943e49796cc3d7f"},"headline":"Juristas Gitanos denuncia ante la Fiscal\u00eda de Delitos de Odio la muerte de Daniel Jim\u00e9nez","datePublished":"2020-07-09T21:29:40+00:00","dateModified":"2021-03-30T08:00:21+00:00","mainEntityOfPage":{"@id":"https:\/\/juristasgitanos.org\/denuncia-fiscalia-delitos-odio-muerte-daniel-jimenez\/"},"wordCount":461,"commentCount":0,"publisher":{"@id":"http:\/\/juristasgitanos.org\/en\/#organization"},"image":{"@id":"https:\/\/juristasgitanos.org\/denuncia-fiscalia-delitos-odio-muerte-daniel-jimenez\/#primaryimage"},"thumbnailUrl":"https:\/\/juristasgitanos.org\/wp-content\/uploads\/2020\/07\/WhatsApp-Image-2020-06-25-at-11.44.53-1-600x450-1.jpeg","keywords":["abogado-gitano","Algeciras","Caso-Daniel-Jimenez","delitos-de-odio","fiscalia","luis-mendoza","manuel-reyes","muerte","policia"],"articleSection":["COMUNICADO DE PRNSA","NOTICIAS"],"inLanguage":"en-US","potentialAction":[{"@type":"CommentAction","name":"Comment","target":["https:\/\/juristasgitanos.org\/denuncia-fiscalia-delitos-odio-muerte-daniel-jimenez\/#respond"]}]},{"@type":"WebPage","@id":"https:\/\/juristasgitanos.org\/denuncia-fiscalia-delitos-odio-muerte-daniel-jimenez\/","url":"https:\/\/juristasgitanos.org\/denuncia-fiscalia-delitos-odio-muerte-daniel-jimenez\/","name":"Juristas Gitanos denuncia ante la Fiscal\u00eda de Delitos de Odio la muerte de Daniel Jim\u00e9nez - No Blog Title Set","isPartOf":{"@id":"http:\/\/juristasgitanos.org\/en\/#website"},"primaryImageOfPage":{"@id":"https:\/\/juristasgitanos.org\/denuncia-fiscalia-delitos-odio-muerte-daniel-jimenez\/#primaryimage"},"image":{"@id":"https:\/\/juristasgitanos.org\/denuncia-fiscalia-delitos-odio-muerte-daniel-jimenez\/#primaryimage"},"thumbnailUrl":"https:\/\/juristasgitanos.org\/wp-content\/uploads\/2020\/07\/WhatsApp-Image-2020-06-25-at-11.44.53-1-600x450-1.jpeg","datePublished":"2020-07-09T21:29:40+00:00","dateModified":"2021-03-30T08:00:21+00:00","breadcrumb":{"@id":"https:\/\/juristasgitanos.org\/denuncia-fiscalia-delitos-odio-muerte-daniel-jimenez\/#breadcrumb"},"inLanguage":"en-US","potentialAction":[{"@type":"ReadAction","target":["https:\/\/juristasgitanos.org\/denuncia-fiscalia-delitos-odio-muerte-daniel-jimenez\/"]}]},{"@type":"ImageObject","inLanguage":"en-US","@id":"https:\/\/juristasgitanos.org\/denuncia-fiscalia-delitos-odio-muerte-daniel-jimenez\/#primaryimage","url":"https:\/\/juristasgitanos.org\/wp-content\/uploads\/2020\/07\/WhatsApp-Image-2020-06-25-at-11.44.53-1-600x450-1.jpeg","contentUrl":"https:\/\/juristasgitanos.org\/wp-content\/uploads\/2020\/07\/WhatsApp-Image-2020-06-25-at-11.44.53-1-600x450-1.jpeg","width":600,"height":450},{"@type":"BreadcrumbList","@id":"https:\/\/juristasgitanos.org\/denuncia-fiscalia-delitos-odio-muerte-daniel-jimenez\/#breadcrumb","itemListElement":[{"@type":"ListItem","position":1,"name":"Portada","item":"http:\/\/juristasgitanos.org\/en\/"},{"@type":"ListItem","position":2,"name":"Juristas Gitanos denuncia ante la Fiscal\u00eda de Delitos de Odio la muerte de Daniel Jim\u00e9nez"}]},{"@type":"WebSite","@id":"http:\/\/juristasgitanos.org\/en\/#website","url":"http:\/\/juristasgitanos.org\/en\/","name":"No Blog Title Set","description":"","publisher":{"@id":"http:\/\/juristasgitanos.org\/en\/#organization"},"potentialAction":[{"@type":"SearchAction","target":{"@type":"EntryPoint","urlTemplate":"http:\/\/juristasgitanos.org\/en\/?s={search_term_string}"},"query-input":"required name=search_term_string"}],"inLanguage":"en-US"},{"@type":"Organization","@id":"http:\/\/juristasgitanos.org\/en\/#organization","name":"No Blog Title Set","url":"http:\/\/juristasgitanos.org\/en\/","logo":{"@type":"ImageObject","inLanguage":"en-US","@id":"http:\/\/juristasgitanos.org\/en\/#\/schema\/logo\/image\/","url":"http:\/\/juristasgitanos.org\/wp-content\/uploads\/2021\/04\/fb-share-1.jpg","contentUrl":"http:\/\/juristasgitanos.org\/wp-content\/uploads\/2021\/04\/fb-share-1.jpg","width":1044,"height":548,"caption":"No Blog Title Set"},"image":{"@id":"http:\/\/juristasgitanos.org\/en\/#\/schema\/logo\/image\/"},"sameAs":["https:\/\/api.whatsapp.com\/send?phone=34675931823"]},{"@type":"Person","@id":"http:\/\/juristasgitanos.org\/en\/#\/schema\/person\/03b3cca45888ec234943e49796cc3d7f","name":"Juristas Gitanos","image":{"@type":"ImageObject","inLanguage":"en-US","@id":"http:\/\/juristasgitanos.org\/en\/#\/schema\/person\/image\/","url":"https:\/\/secure.gravatar.com\/avatar\/10af6d64b31d2de137091bff621b528c?s=96&d=mm&r=g","contentUrl":"https:\/\/secure.gravatar.com\/avatar\/10af6d64b31d2de137091bff621b528c?s=96&d=mm&r=g","caption":"Juristas Gitanos"},"sameAs":["http:\/\/juristasgitanos.org"],"url":"https:\/\/juristasgitanos.org\/en\/author\/jg\/"}]}},"_links":{"self":[{"href":"https:\/\/juristasgitanos.org\/en\/wp-json\/wp\/v2\/posts\/338"}],"collection":[{"href":"https:\/\/juristasgitanos.org\/en\/wp-json\/wp\/v2\/posts"}],"about":[{"href":"https:\/\/juristasgitanos.org\/en\/wp-json\/wp\/v2\/types\/post"}],"author":[{"embeddable":true,"href":"https:\/\/juristasgitanos.org\/en\/wp-json\/wp\/v2\/users\/11"}],"replies":[{"embeddable":true,"href":"https:\/\/juristasgitanos.org\/en\/wp-json\/wp\/v2\/comments?post=338"}],"version-history":[{"count":0,"href":"https:\/\/juristasgitanos.org\/en\/wp-json\/wp\/v2\/posts\/338\/revisions"}],"wp:featuredmedia":[{"embeddable":true,"href":"https:\/\/juristasgitanos.org\/en\/wp-json\/wp\/v2\/media\/1438"}],"wp:attachment":[{"href":"https:\/\/juristasgitanos.org\/en\/wp-json\/wp\/v2\/media?parent=338"}],"wp:term":[{"taxonomy":"category","embeddable":true,"href":"https:\/\/juristasgitanos.org\/en\/wp-json\/wp\/v2\/categories?post=338"},{"taxonomy":"post_tag","embeddable":true,"href":"https:\/\/juristasgitanos.org\/en\/wp-json\/wp\/v2\/tags?post=338"}],"curies":[{"name":"wp","href":"https:\/\/api.w.org\/{rel}","templated":true}]}}