{"id":20596,"date":"2021-10-04T10:08:46","date_gmt":"2021-10-04T10:08:46","guid":{"rendered":"http:\/\/juristasgitanos.org\/?p=20596"},"modified":"2024-02-14T09:56:52","modified_gmt":"2024-02-14T09:56:52","slug":"juristas-gitanos-recurre-ante-el-tribunal-constitucional-el-archivo-de-la-muerte-de-daniel-jimenez","status":"publish","type":"post","link":"https:\/\/juristasgitanos.org\/en\/juristas-gitanos-recurre-ante-el-tribunal-constitucional-el-archivo-de-la-muerte-de-daniel-jimenez\/","title":{"rendered":"Juristas Gitanos recurre ante el Tribunal Constitucional el archivo de la muerte de Daniel Jim\u00e9nez"},"content":{"rendered":"<h5 class=\"wp-block-heading\">El recurso de amparo plantea al alto tribunal una cuesti\u00f3n jur\u00eddica de gran trascendencia: cu\u00e1l ha de ser el alcance del deber de diligencia en la investigaci\u00f3n por parte de los jueces ante una muerta violenta bajo custodia policial. <\/h5>\n\n\n\n<p>El servicio jur\u00eddico de la Asociaci\u00f3n de Juristas Gitanos ha recurrido ante el Tribunal Constitucional el archivo judicial de la muerte de Daniel Jim\u00e9nez, el joven gitano que falleci\u00f3 en la comisar\u00eda de Algeciras estando bajo custodia policial. Se recurre al alto tribunal al considerar que se han vulnerado derechos fundamentales de la familia de Daniel, tales como el derecho a la tutela judicial efectiva y el derecho a la utilizaci\u00f3n de los medios de prueba para la defensa. El recurso de amparo plantea adem\u00e1s una cuesti\u00f3n jur\u00eddica de gran trascendencia como es <strong>el deber de diligencia en investigaci\u00f3n por parte de los jueces ante una muerte violenta bajo custodia policial<\/strong>.&nbsp;<\/p>\n\n\n\n<p>El 1 de Junio del 2020, Daniel mor\u00eda en su celda en circunstancias que no han sido aclaradas, solo unas horas despu\u00e9s de hablar con su padre por tel\u00e9fono para informarle que ser\u00eda puesto en libertad a la ma\u00f1ana siguiente. Seg\u00fan la versi\u00f3n policial, Daniel se suicid\u00f3 ahorc\u00e1ndose con los jirones de una manta que at\u00f3 a uno de los barrotes verticales de la celda. Apenas cuatro meses antes en la misma comisar\u00eda, <strong>Imad Eraffali<\/strong>, marroqu\u00ed de 23 a\u00f1os, se ahorc\u00f3 tambi\u00e9n con los jirones de una manta. Su caso, al igual que el de Daniel, se archiv\u00f3.<\/p>\n\n\n\n<p>La familia de Daniel ha mantenido desde el principio su convicci\u00f3n de que no fue un suicidio. La aparici\u00f3n de un guante de l\u00e1tex en la cavidad g\u00e1strica del fallecido durante el examen forense aviv\u00f3 las sospechas. Con el solo prop\u00f3sito de esclarecer los hechos y depurar responsabilidades, se denunciaron los hechos ante el Juzgado de Instrucci\u00f3n n\u00ba4 de Algeciras que, a pesar de los antecedentes y la falta de claridad de lo sucedido, <strong>deneg\u00f3 la pr\u00e1ctica de todas las diligencias solicitadas<\/strong>. La jueza de instrucci\u00f3n se vali\u00f3 para fundar su decisi\u00f3n del atestado policial, del informe forense -sin fotograf\u00edas de la autopsia- y de las im\u00e1genes de las c\u00e1maras de seguridad de la comisar\u00eda, a pesar de que \u00e9stas muestran absolutamente nada de lo sucedido en el interior de la celda. No consinti\u00f3, por ejemplo, pruebas tan b\u00e1sicas y necesarias como la toma de declaraci\u00f3n de los polic\u00edas que custodiaban a Daniel, ni de los otros detenidos que se encontraban en comisar\u00eda al momento de los hechos, ni del m\u00e9dico forense.<\/p>\n\n\n\n<p>La defensa present\u00f3 recurso de apelaci\u00f3n ante la Audiencia Provincial que fue desestimado, al entender esta instancia judicial que el deber de instrucci\u00f3n es limitado y que las diligencias han de ser pertinentes y relevantes -como si las que se solicitaron no lo fuesen-, dando por suficiente la investigaci\u00f3n llevada a cabo por el juzgado de instrucci\u00f3n.&nbsp;<\/p>\n\n\n\n<figure class=\"wp-block-pullquote\"><blockquote><p><em>\u201c<em>Una muerte como la de Daniel, estando bajo custodia policial, es siempre una anomal\u00eda que debe investigarse con mayor rigor por parte de los jueces, hasta agotar todos los medios de prueba razonables, m\u00e1s a\u00fan teniendo en cuenta que la comisar\u00eda de Algeciras no dispone de c\u00e1maras en el interior de las celdas, tal como exige la instrucci\u00f3n de la Secretar\u00eda de Estado de Seguridad<\/em>\u201d<\/em>.<\/p><cite>Mar\u00eda Teresa Heredia, abogada<\/cite><\/blockquote><\/figure>\n\n\n\n<p><\/p>\n\n\n\n<p>La abogada del servicio jur\u00eddico de Juristas Gitanos, <strong>Mar\u00eda<\/strong> <strong>Teresa Heredia<\/strong>, que toma el relevo de <strong>Manuel Reyes<\/strong> tras su incorporaci\u00f3n a la judicatura en Sevilla, entiende que \u201c<em>una muerte como la de Daniel, estando bajo custodia policial, es siempre una anomal\u00eda que debe investigarse con mayor rigor por parte de los jueces, hasta agotar todos los medios de prueba razonables, m\u00e1s a\u00fan teniendo en cuenta que la comisar\u00eda de Algeciras no dispone de c\u00e1maras en el interior de las celdas, tal como exige la instrucci\u00f3n de la Secretar\u00eda de Estado de Seguridad<\/em>\u201d. Esta circunstancia, la ausencia de c\u00e1maras, produce una situaci\u00f3n de mayor vulnerabilidad y desprotecci\u00f3n del detenido, a quien se le priva de su medio de prueba m\u00e1s eficaz, por lo que las diligencias denegadas por el Juzgado de Instrucci\u00f3n primero y la Audiencia Provincial despu\u00e9s, eran m\u00e1s que pertinentes y m\u00e1s que necesarias.<\/p>\n\n\n\n<p>La letrada almeriense se apoya en la jurisprudencia del <strong>Tribunal Europeo de Derechos Humanos<\/strong>, que sostiene la inversi\u00f3n de la carga de la prueba en casos de violencia bajo custodia policial, para solicitar al Tribunal Constitucional el restablecimiento del derecho a la tutela judicial efectiva y que se permita la pr\u00e1ctica de las diligencias solicitadas para la investigaci\u00f3n de los hechos denunciados y conocer, por fin, qu\u00e9 sucedi\u00f3 aquella fat\u00eddica noche de junio para que Daniel Jim\u00e9nez perdiese la vida.&nbsp;<\/p>","protected":false},"excerpt":{"rendered":"<p>Juristas Gitanos recurre al Tribunal Constitucional el archivo de la muerte de Daniel Jim\u00e9nez<\/p>","protected":false},"author":11,"featured_media":1435,"comment_status":"open","ping_status":"open","sticky":true,"template":"","format":"standard","meta":{"_bbp_topic_count":0,"_bbp_reply_count":0,"_bbp_total_topic_count":0,"_bbp_total_reply_count":0,"_bbp_voice_count":0,"_bbp_anonymous_reply_count":0,"_bbp_topic_count_hidden":0,"_bbp_reply_count_hidden":0,"_bbp_forum_subforum_count":0,"footnotes":""},"categories":[9,7],"tags":[46,43,53,70,71,73,72],"yoast_head":"<!-- This site is optimized with the Yoast SEO plugin v22.4 - https:\/\/yoast.com\/wordpress\/plugins\/seo\/ -->\n<title>CASO DANIEL JIM\u00c9NEZ<\/title>\n<meta name=\"description\" content=\"Juristas Gitanos recurre al Tribunal Constitucional el archivo de la muerte de Daniel Jim\u00e9nez\" \/>\n<meta name=\"robots\" content=\"index, follow, max-snippet:-1, max-image-preview:large, max-video-preview:-1\" \/>\n<link rel=\"canonical\" href=\"https:\/\/juristasgitanos.org\/en\/juristas-gitanos-recurre-ante-el-tribunal-constitucional-el-archivo-de-la-muerte-de-daniel-jimenez\/\" \/>\n<meta property=\"og:locale\" content=\"en_US\" \/>\n<meta property=\"og:type\" content=\"article\" \/>\n<meta property=\"og:title\" content=\"CASO DANIEL JIM\u00c9NEZ\" \/>\n<meta property=\"og:description\" content=\"Juristas Gitanos recurre al Tribunal Constitucional el archivo de la muerte de Daniel Jim\u00e9nez\" \/>\n<meta property=\"og:url\" content=\"https:\/\/juristasgitanos.org\/en\/juristas-gitanos-recurre-ante-el-tribunal-constitucional-el-archivo-de-la-muerte-de-daniel-jimenez\/\" \/>\n<meta property=\"og:site_name\" content=\"No Blog Title Set\" \/>\n<meta property=\"article:published_time\" content=\"2021-10-04T10:08:46+00:00\" \/>\n<meta property=\"article:modified_time\" content=\"2024-02-14T09:56:52+00:00\" \/>\n<meta property=\"og:image\" content=\"https:\/\/juristasgitanos.org\/wp-content\/uploads\/2020\/06\/EaKEjWEVAAQ722V.jpg\" \/>\n\t<meta property=\"og:image:width\" content=\"1080\" \/>\n\t<meta property=\"og:image:height\" content=\"1062\" \/>\n\t<meta property=\"og:image:type\" content=\"image\/jpeg\" \/>\n<meta name=\"author\" content=\"Juristas Gitanos\" \/>\n<meta name=\"twitter:card\" content=\"summary_large_image\" \/>\n<meta name=\"twitter:title\" content=\"CASO DANIEL JIM\u00c9NEZ\" \/>\n<meta name=\"twitter:image\" content=\"https:\/\/juristasgitanos.org\/wp-content\/uploads\/2020\/06\/EaKEjWEVAAQ722V.jpg\" \/>\n<meta name=\"twitter:label1\" content=\"Written by\" \/>\n\t<meta name=\"twitter:data1\" content=\"Juristas Gitanos\" \/>\n\t<meta name=\"twitter:label2\" content=\"Est. reading time\" \/>\n\t<meta name=\"twitter:data2\" content=\"4 minutes\" \/>\n<script type=\"application\/ld+json\" class=\"yoast-schema-graph\">{\"@context\":\"https:\/\/schema.org\",\"@graph\":[{\"@type\":\"Article\",\"@id\":\"https:\/\/juristasgitanos.org\/juristas-gitanos-recurre-ante-el-tribunal-constitucional-el-archivo-de-la-muerte-de-daniel-jimenez\/#article\",\"isPartOf\":{\"@id\":\"https:\/\/juristasgitanos.org\/juristas-gitanos-recurre-ante-el-tribunal-constitucional-el-archivo-de-la-muerte-de-daniel-jimenez\/\"},\"author\":{\"name\":\"Juristas Gitanos\",\"@id\":\"https:\/\/juristasgitanos.org\/#\/schema\/person\/03b3cca45888ec234943e49796cc3d7f\"},\"headline\":\"Juristas Gitanos recurre ante el Tribunal Constitucional el archivo de la muerte de Daniel Jim\u00e9nez\",\"datePublished\":\"2021-10-04T10:08:46+00:00\",\"dateModified\":\"2024-02-14T09:56:52+00:00\",\"mainEntityOfPage\":{\"@id\":\"https:\/\/juristasgitanos.org\/juristas-gitanos-recurre-ante-el-tribunal-constitucional-el-archivo-de-la-muerte-de-daniel-jimenez\/\"},\"wordCount\":865,\"commentCount\":0,\"publisher\":{\"@id\":\"https:\/\/juristasgitanos.org\/#organization\"},\"image\":{\"@id\":\"https:\/\/juristasgitanos.org\/juristas-gitanos-recurre-ante-el-tribunal-constitucional-el-archivo-de-la-muerte-de-daniel-jimenez\/#primaryimage\"},\"thumbnailUrl\":\"https:\/\/juristasgitanos.org\/wp-content\/uploads\/2020\/06\/EaKEjWEVAAQ722V.jpg\",\"keywords\":[\"Algeciras\",\"Caso-Daniel-Jimenez\",\"manuel-reyes\",\"recurso-de-amparo\",\"TC\",\"TEDH\",\"teresa-heredia\"],\"articleSection\":[\"COMUNICADO DE PRNSA\",\"NOTICIAS\"],\"inLanguage\":\"en-US\",\"potentialAction\":[{\"@type\":\"CommentAction\",\"name\":\"Comment\",\"target\":[\"https:\/\/juristasgitanos.org\/juristas-gitanos-recurre-ante-el-tribunal-constitucional-el-archivo-de-la-muerte-de-daniel-jimenez\/#respond\"]}]},{\"@type\":\"WebPage\",\"@id\":\"https:\/\/juristasgitanos.org\/juristas-gitanos-recurre-ante-el-tribunal-constitucional-el-archivo-de-la-muerte-de-daniel-jimenez\/\",\"url\":\"https:\/\/juristasgitanos.org\/juristas-gitanos-recurre-ante-el-tribunal-constitucional-el-archivo-de-la-muerte-de-daniel-jimenez\/\",\"name\":\"CASO DANIEL JIM\u00c9NEZ\",\"isPartOf\":{\"@id\":\"https:\/\/juristasgitanos.org\/#website\"},\"primaryImageOfPage\":{\"@id\":\"https:\/\/juristasgitanos.org\/juristas-gitanos-recurre-ante-el-tribunal-constitucional-el-archivo-de-la-muerte-de-daniel-jimenez\/#primaryimage\"},\"image\":{\"@id\":\"https:\/\/juristasgitanos.org\/juristas-gitanos-recurre-ante-el-tribunal-constitucional-el-archivo-de-la-muerte-de-daniel-jimenez\/#primaryimage\"},\"thumbnailUrl\":\"https:\/\/juristasgitanos.org\/wp-content\/uploads\/2020\/06\/EaKEjWEVAAQ722V.jpg\",\"datePublished\":\"2021-10-04T10:08:46+00:00\",\"dateModified\":\"2024-02-14T09:56:52+00:00\",\"description\":\"Juristas Gitanos recurre al Tribunal Constitucional el archivo de la muerte de Daniel Jim\u00e9nez\",\"breadcrumb\":{\"@id\":\"https:\/\/juristasgitanos.org\/juristas-gitanos-recurre-ante-el-tribunal-constitucional-el-archivo-de-la-muerte-de-daniel-jimenez\/#breadcrumb\"},\"inLanguage\":\"en-US\",\"potentialAction\":[{\"@type\":\"ReadAction\",\"target\":[\"https:\/\/juristasgitanos.org\/juristas-gitanos-recurre-ante-el-tribunal-constitucional-el-archivo-de-la-muerte-de-daniel-jimenez\/\"]}]},{\"@type\":\"ImageObject\",\"inLanguage\":\"en-US\",\"@id\":\"https:\/\/juristasgitanos.org\/juristas-gitanos-recurre-ante-el-tribunal-constitucional-el-archivo-de-la-muerte-de-daniel-jimenez\/#primaryimage\",\"url\":\"https:\/\/juristasgitanos.org\/wp-content\/uploads\/2020\/06\/EaKEjWEVAAQ722V.jpg\",\"contentUrl\":\"https:\/\/juristasgitanos.org\/wp-content\/uploads\/2020\/06\/EaKEjWEVAAQ722V.jpg\",\"width\":1080,\"height\":1062,\"caption\":\"Caso Daniel Jim\u00e9nez\"},{\"@type\":\"BreadcrumbList\",\"@id\":\"https:\/\/juristasgitanos.org\/juristas-gitanos-recurre-ante-el-tribunal-constitucional-el-archivo-de-la-muerte-de-daniel-jimenez\/#breadcrumb\",\"itemListElement\":[{\"@type\":\"ListItem\",\"position\":1,\"name\":\"Portada\",\"item\":\"https:\/\/juristasgitanos.org\/\"},{\"@type\":\"ListItem\",\"position\":2,\"name\":\"Juristas Gitanos recurre ante el Tribunal Constitucional el archivo de la muerte de Daniel Jim\u00e9nez\"}]},{\"@type\":\"WebSite\",\"@id\":\"https:\/\/juristasgitanos.org\/#website\",\"url\":\"https:\/\/juristasgitanos.org\/\",\"name\":\"No Blog Title Set\",\"description\":\"\",\"publisher\":{\"@id\":\"https:\/\/juristasgitanos.org\/#organization\"},\"potentialAction\":[{\"@type\":\"SearchAction\",\"target\":{\"@type\":\"EntryPoint\",\"urlTemplate\":\"https:\/\/juristasgitanos.org\/?s={search_term_string}\"},\"query-input\":\"required name=search_term_string\"}],\"inLanguage\":\"en-US\"},{\"@type\":\"Organization\",\"@id\":\"https:\/\/juristasgitanos.org\/#organization\",\"name\":\"No Blog Title Set\",\"url\":\"https:\/\/juristasgitanos.org\/\",\"logo\":{\"@type\":\"ImageObject\",\"inLanguage\":\"en-US\",\"@id\":\"https:\/\/juristasgitanos.org\/#\/schema\/logo\/image\/\",\"url\":\"http:\/\/juristasgitanos.org\/wp-content\/uploads\/2021\/04\/fb-share-1.jpg\",\"contentUrl\":\"http:\/\/juristasgitanos.org\/wp-content\/uploads\/2021\/04\/fb-share-1.jpg\",\"width\":1044,\"height\":548,\"caption\":\"No Blog Title Set\"},\"image\":{\"@id\":\"https:\/\/juristasgitanos.org\/#\/schema\/logo\/image\/\"},\"sameAs\":[\"https:\/\/api.whatsapp.com\/send?phone=34675931823\"]},{\"@type\":\"Person\",\"@id\":\"https:\/\/juristasgitanos.org\/#\/schema\/person\/03b3cca45888ec234943e49796cc3d7f\",\"name\":\"Juristas Gitanos\",\"image\":{\"@type\":\"ImageObject\",\"inLanguage\":\"en-US\",\"@id\":\"https:\/\/juristasgitanos.org\/#\/schema\/person\/image\/\",\"url\":\"https:\/\/secure.gravatar.com\/avatar\/10af6d64b31d2de137091bff621b528c?s=96&d=mm&r=g\",\"contentUrl\":\"https:\/\/secure.gravatar.com\/avatar\/10af6d64b31d2de137091bff621b528c?s=96&d=mm&r=g\",\"caption\":\"Juristas Gitanos\"},\"sameAs\":[\"http:\/\/juristasgitanos.org\"],\"url\":\"https:\/\/juristasgitanos.org\/en\/author\/jg\/\"}]}<\/script>\n<!-- \/ Yoast SEO plugin. -->","yoast_head_json":{"title":"CASO DANIEL JIM\u00c9NEZ","description":"Juristas Gitanos recurre al Tribunal Constitucional el archivo de la muerte de Daniel Jim\u00e9nez","robots":{"index":"index","follow":"follow","max-snippet":"max-snippet:-1","max-image-preview":"max-image-preview:large","max-video-preview":"max-video-preview:-1"},"canonical":"https:\/\/juristasgitanos.org\/en\/juristas-gitanos-recurre-ante-el-tribunal-constitucional-el-archivo-de-la-muerte-de-daniel-jimenez\/","og_locale":"en_US","og_type":"article","og_title":"CASO DANIEL JIM\u00c9NEZ","og_description":"Juristas Gitanos recurre al Tribunal Constitucional el archivo de la muerte de Daniel Jim\u00e9nez","og_url":"https:\/\/juristasgitanos.org\/en\/juristas-gitanos-recurre-ante-el-tribunal-constitucional-el-archivo-de-la-muerte-de-daniel-jimenez\/","og_site_name":"No Blog Title Set","article_published_time":"2021-10-04T10:08:46+00:00","article_modified_time":"2024-02-14T09:56:52+00:00","og_image":[{"width":1080,"height":1062,"url":"https:\/\/juristasgitanos.org\/wp-content\/uploads\/2020\/06\/EaKEjWEVAAQ722V.jpg","type":"image\/jpeg"}],"author":"Juristas Gitanos","twitter_card":"summary_large_image","twitter_title":"CASO DANIEL JIM\u00c9NEZ","twitter_image":"https:\/\/juristasgitanos.org\/wp-content\/uploads\/2020\/06\/EaKEjWEVAAQ722V.jpg","twitter_misc":{"Written by":"Juristas Gitanos","Est. reading time":"4 minutes"},"schema":{"@context":"https:\/\/schema.org","@graph":[{"@type":"Article","@id":"https:\/\/juristasgitanos.org\/juristas-gitanos-recurre-ante-el-tribunal-constitucional-el-archivo-de-la-muerte-de-daniel-jimenez\/#article","isPartOf":{"@id":"https:\/\/juristasgitanos.org\/juristas-gitanos-recurre-ante-el-tribunal-constitucional-el-archivo-de-la-muerte-de-daniel-jimenez\/"},"author":{"name":"Juristas Gitanos","@id":"https:\/\/juristasgitanos.org\/#\/schema\/person\/03b3cca45888ec234943e49796cc3d7f"},"headline":"Juristas Gitanos recurre ante el Tribunal Constitucional el archivo de la muerte de Daniel Jim\u00e9nez","datePublished":"2021-10-04T10:08:46+00:00","dateModified":"2024-02-14T09:56:52+00:00","mainEntityOfPage":{"@id":"https:\/\/juristasgitanos.org\/juristas-gitanos-recurre-ante-el-tribunal-constitucional-el-archivo-de-la-muerte-de-daniel-jimenez\/"},"wordCount":865,"commentCount":0,"publisher":{"@id":"https:\/\/juristasgitanos.org\/#organization"},"image":{"@id":"https:\/\/juristasgitanos.org\/juristas-gitanos-recurre-ante-el-tribunal-constitucional-el-archivo-de-la-muerte-de-daniel-jimenez\/#primaryimage"},"thumbnailUrl":"https:\/\/juristasgitanos.org\/wp-content\/uploads\/2020\/06\/EaKEjWEVAAQ722V.jpg","keywords":["Algeciras","Caso-Daniel-Jimenez","manuel-reyes","recurso-de-amparo","TC","TEDH","teresa-heredia"],"articleSection":["COMUNICADO DE PRNSA","NOTICIAS"],"inLanguage":"en-US","potentialAction":[{"@type":"CommentAction","name":"Comment","target":["https:\/\/juristasgitanos.org\/juristas-gitanos-recurre-ante-el-tribunal-constitucional-el-archivo-de-la-muerte-de-daniel-jimenez\/#respond"]}]},{"@type":"WebPage","@id":"https:\/\/juristasgitanos.org\/juristas-gitanos-recurre-ante-el-tribunal-constitucional-el-archivo-de-la-muerte-de-daniel-jimenez\/","url":"https:\/\/juristasgitanos.org\/juristas-gitanos-recurre-ante-el-tribunal-constitucional-el-archivo-de-la-muerte-de-daniel-jimenez\/","name":"CASO DANIEL JIM\u00c9NEZ","isPartOf":{"@id":"https:\/\/juristasgitanos.org\/#website"},"primaryImageOfPage":{"@id":"https:\/\/juristasgitanos.org\/juristas-gitanos-recurre-ante-el-tribunal-constitucional-el-archivo-de-la-muerte-de-daniel-jimenez\/#primaryimage"},"image":{"@id":"https:\/\/juristasgitanos.org\/juristas-gitanos-recurre-ante-el-tribunal-constitucional-el-archivo-de-la-muerte-de-daniel-jimenez\/#primaryimage"},"thumbnailUrl":"https:\/\/juristasgitanos.org\/wp-content\/uploads\/2020\/06\/EaKEjWEVAAQ722V.jpg","datePublished":"2021-10-04T10:08:46+00:00","dateModified":"2024-02-14T09:56:52+00:00","description":"Juristas Gitanos recurre al Tribunal Constitucional el archivo de la muerte de Daniel Jim\u00e9nez","breadcrumb":{"@id":"https:\/\/juristasgitanos.org\/juristas-gitanos-recurre-ante-el-tribunal-constitucional-el-archivo-de-la-muerte-de-daniel-jimenez\/#breadcrumb"},"inLanguage":"en-US","potentialAction":[{"@type":"ReadAction","target":["https:\/\/juristasgitanos.org\/juristas-gitanos-recurre-ante-el-tribunal-constitucional-el-archivo-de-la-muerte-de-daniel-jimenez\/"]}]},{"@type":"ImageObject","inLanguage":"en-US","@id":"https:\/\/juristasgitanos.org\/juristas-gitanos-recurre-ante-el-tribunal-constitucional-el-archivo-de-la-muerte-de-daniel-jimenez\/#primaryimage","url":"https:\/\/juristasgitanos.org\/wp-content\/uploads\/2020\/06\/EaKEjWEVAAQ722V.jpg","contentUrl":"https:\/\/juristasgitanos.org\/wp-content\/uploads\/2020\/06\/EaKEjWEVAAQ722V.jpg","width":1080,"height":1062,"caption":"Caso Daniel Jim\u00e9nez"},{"@type":"BreadcrumbList","@id":"https:\/\/juristasgitanos.org\/juristas-gitanos-recurre-ante-el-tribunal-constitucional-el-archivo-de-la-muerte-de-daniel-jimenez\/#breadcrumb","itemListElement":[{"@type":"ListItem","position":1,"name":"Portada","item":"https:\/\/juristasgitanos.org\/"},{"@type":"ListItem","position":2,"name":"Juristas Gitanos recurre ante el Tribunal Constitucional el archivo de la muerte de Daniel Jim\u00e9nez"}]},{"@type":"WebSite","@id":"https:\/\/juristasgitanos.org\/#website","url":"https:\/\/juristasgitanos.org\/","name":"No Blog Title Set","description":"","publisher":{"@id":"https:\/\/juristasgitanos.org\/#organization"},"potentialAction":[{"@type":"SearchAction","target":{"@type":"EntryPoint","urlTemplate":"https:\/\/juristasgitanos.org\/?s={search_term_string}"},"query-input":"required name=search_term_string"}],"inLanguage":"en-US"},{"@type":"Organization","@id":"https:\/\/juristasgitanos.org\/#organization","name":"No Blog Title Set","url":"https:\/\/juristasgitanos.org\/","logo":{"@type":"ImageObject","inLanguage":"en-US","@id":"https:\/\/juristasgitanos.org\/#\/schema\/logo\/image\/","url":"http:\/\/juristasgitanos.org\/wp-content\/uploads\/2021\/04\/fb-share-1.jpg","contentUrl":"http:\/\/juristasgitanos.org\/wp-content\/uploads\/2021\/04\/fb-share-1.jpg","width":1044,"height":548,"caption":"No Blog Title Set"},"image":{"@id":"https:\/\/juristasgitanos.org\/#\/schema\/logo\/image\/"},"sameAs":["https:\/\/api.whatsapp.com\/send?phone=34675931823"]},{"@type":"Person","@id":"https:\/\/juristasgitanos.org\/#\/schema\/person\/03b3cca45888ec234943e49796cc3d7f","name":"Juristas Gitanos","image":{"@type":"ImageObject","inLanguage":"en-US","@id":"https:\/\/juristasgitanos.org\/#\/schema\/person\/image\/","url":"https:\/\/secure.gravatar.com\/avatar\/10af6d64b31d2de137091bff621b528c?s=96&d=mm&r=g","contentUrl":"https:\/\/secure.gravatar.com\/avatar\/10af6d64b31d2de137091bff621b528c?s=96&d=mm&r=g","caption":"Juristas Gitanos"},"sameAs":["http:\/\/juristasgitanos.org"],"url":"https:\/\/juristasgitanos.org\/en\/author\/jg\/"}]}},"_links":{"self":[{"href":"https:\/\/juristasgitanos.org\/en\/wp-json\/wp\/v2\/posts\/20596"}],"collection":[{"href":"https:\/\/juristasgitanos.org\/en\/wp-json\/wp\/v2\/posts"}],"about":[{"href":"https:\/\/juristasgitanos.org\/en\/wp-json\/wp\/v2\/types\/post"}],"author":[{"embeddable":true,"href":"https:\/\/juristasgitanos.org\/en\/wp-json\/wp\/v2\/users\/11"}],"replies":[{"embeddable":true,"href":"https:\/\/juristasgitanos.org\/en\/wp-json\/wp\/v2\/comments?post=20596"}],"version-history":[{"count":2,"href":"https:\/\/juristasgitanos.org\/en\/wp-json\/wp\/v2\/posts\/20596\/revisions"}],"predecessor-version":[{"id":59252,"href":"https:\/\/juristasgitanos.org\/en\/wp-json\/wp\/v2\/posts\/20596\/revisions\/59252"}],"wp:featuredmedia":[{"embeddable":true,"href":"https:\/\/juristasgitanos.org\/en\/wp-json\/wp\/v2\/media\/1435"}],"wp:attachment":[{"href":"https:\/\/juristasgitanos.org\/en\/wp-json\/wp\/v2\/media?parent=20596"}],"wp:term":[{"taxonomy":"category","embeddable":true,"href":"https:\/\/juristasgitanos.org\/en\/wp-json\/wp\/v2\/categories?post=20596"},{"taxonomy":"post_tag","embeddable":true,"href":"https:\/\/juristasgitanos.org\/en\/wp-json\/wp\/v2\/tags?post=20596"}],"curies":[{"name":"wp","href":"https:\/\/api.w.org\/{rel}","templated":true}]}}