{"id":937,"date":"2021-03-13T20:40:33","date_gmt":"2021-03-13T20:40:33","guid":{"rendered":"http:\/\/juristasgitanos.org\/?p=937"},"modified":"2021-03-29T16:22:19","modified_gmt":"2021-03-29T16:22:19","slug":"avanza-la-denuncia-contra-eduardo-garcia-serrano","status":"publish","type":"post","link":"http:\/\/juristasgitanos.org\/en\/avanza-la-denuncia-contra-eduardo-garcia-serrano\/","title":{"rendered":"Avanza la denuncia de Juristas Gitanos contra Eduardo Garc\u00eda Serrano"},"content":{"rendered":"<p><strong><strong>Avanza la denuncia de Juristas Gitanos contra Eduardo Garc\u00eda Serrano tras ordenarse la apertura de diligencias previas por un presunto delito de discriminaci\u00f3n.<\/strong><\/strong><\/p>\n\n\n\n<p>El Juzgado de Instrucci\u00f3n n\u00ba23 de Madrid ha ordenado la <strong>apertura de diligencias previas <\/strong>en respuesta a la denuncia de Juristas Gitanos contra el periodista Eduardo Garc\u00eda Serrano <strong>por un presunto delito de discriminaci\u00f3n<\/strong>. A fin de esclarecer los hechos y decidir sobre la admisi\u00f3n a tr\u00e1mite de la denuncia, la jueza ha solicitado al canal de televisi\u00f3n \u201cEl Toro TV\u201d las im\u00e1genes del programa \u201cEl Gato al Agua\u201d emitido el pasado 30 de Julio.<\/p>\n\n\n\n<p>Durante el transcurso del programa, se abri\u00f3 una discusi\u00f3n acerca del acto institucional de conmemoraci\u00f3n del <strong>Samudarip\u00e9n<\/strong>, el genocidio nazi que se cobr\u00f3 la vida de m\u00e1s de un mill\u00f3n de roman\u00edes, y <strong>La Gran Redada<\/strong>, el primer intento de exterminio de los gitanos en Espa\u00f1a. En relaci\u00f3n a este debate, el Sr. Garc\u00eda Serrano justific\u00f3 estos graves sucesos en base a la supuesta insubordinaci\u00f3n civil y legal como modo de vida de los gitanos, a quienes present\u00f3 ante la audiencia televisiva como una amenaza social que no deber\u00eda permitirse. A\u00f1adi\u00f3 adem\u00e1s el tertuliano, sin corregir en ning\u00fan momento sus palabras, que no hab\u00eda que pedir perd\u00f3n al Pueblo Gitano por la persecuci\u00f3n sufrida en nuestro pa\u00eds.<\/p>\n\n\n\n<p>Entendiendo que tales manifestaciones podr\u00edan ser constitutivas de un delito de odio, <strong>Juristas Gitanos interpuso denuncia directamente ante el juzgado<\/strong> y confi\u00f3 el asunto al abogado cordob\u00e9s, y tambi\u00e9n gitano, <strong>Marcos Santiago Cort\u00e9s.<\/strong><\/p>\n\n\n\n<p>Ahora, despu\u00e9s de 7 meses de espera, llega el primer pronunciamiento de la jueza. Para evitar m\u00e1s dilaciones, el letrado de la acusaci\u00f3n ha tramitado una <strong>solicitud de impulso procesal<\/strong>.<\/p>\n\n\n\n<div class=\"wp-block-image\"><figure class=\"aligncenter size-large\"><img loading=\"lazy\" decoding=\"async\" width=\"421\" height=\"117\" src=\"http:\/\/juristasgitanos.org\/wp-content\/uploads\/2020\/11\/Logo3i1-1.png\" alt=\"\" class=\"wp-image-102\" srcset=\"http:\/\/juristasgitanos.org\/wp-content\/uploads\/2020\/11\/Logo3i1-1.png 421w, http:\/\/juristasgitanos.org\/wp-content\/uploads\/2020\/11\/Logo3i1-1-300x83.png 300w, http:\/\/juristasgitanos.org\/wp-content\/uploads\/2020\/11\/Logo3i1-1-260x72.png 260w, http:\/\/juristasgitanos.org\/wp-content\/uploads\/2020\/11\/Logo3i1-1-50x14.png 50w, http:\/\/juristasgitanos.org\/wp-content\/uploads\/2020\/11\/Logo3i1-1-150x42.png 150w\" sizes=\"(max-width:767px) 421px, 421px\" \/><\/figure><\/div>\n\n\n\n<hr class=\"wp-block-separator\"\/>","protected":false},"excerpt":{"rendered":"<p>Avanza la denuncia contra Eduardo Garc\u00eda Serrano por un presunto delito de discriminaci\u00f3n<\/p>","protected":false},"author":11,"featured_media":1356,"comment_status":"open","ping_status":"open","sticky":false,"template":"","format":"standard","meta":{"_bbp_topic_count":0,"_bbp_reply_count":0,"_bbp_total_topic_count":0,"_bbp_total_reply_count":0,"_bbp_voice_count":0,"_bbp_anonymous_reply_count":0,"_bbp_topic_count_hidden":0,"_bbp_reply_count_hidden":0,"_bbp_forum_subforum_count":0,"footnotes":""},"categories":[9,7],"tags":[13,39,10,21,23,22],"yoast_head":"<!-- This site is optimized with the Yoast SEO plugin v22.4 - https:\/\/yoast.com\/wordpress\/plugins\/seo\/ -->\n<title>Avanza la denuncia de Juristas Gitanos contra Eduardo Garc\u00eda Serrano - No Blog Title Set<\/title>\n<meta name=\"robots\" content=\"index, follow, max-snippet:-1, max-image-preview:large, max-video-preview:-1\" \/>\n<link rel=\"canonical\" href=\"https:\/\/juristasgitanos.org\/en\/avanza-la-denuncia-contra-eduardo-garcia-serrano\/\" \/>\n<meta property=\"og:locale\" content=\"en_US\" \/>\n<meta property=\"og:type\" content=\"article\" \/>\n<meta property=\"og:title\" content=\"Avanza la denuncia de Juristas Gitanos contra Eduardo Garc\u00eda Serrano - No Blog Title Set\" \/>\n<meta property=\"og:description\" content=\"Avanza la denuncia contra Eduardo Garc\u00eda Serrano por un presunto delito de discriminaci\u00f3n\" \/>\n<meta property=\"og:url\" content=\"https:\/\/juristasgitanos.org\/en\/avanza-la-denuncia-contra-eduardo-garcia-serrano\/\" \/>\n<meta property=\"og:site_name\" content=\"No Blog Title Set\" \/>\n<meta property=\"article:published_time\" content=\"2021-03-13T20:40:33+00:00\" \/>\n<meta property=\"article:modified_time\" content=\"2021-03-29T16:22:19+00:00\" \/>\n<meta property=\"og:image\" content=\"https:\/\/juristasgitanos.org\/wp-content\/uploads\/2021\/03\/Marcos-Santiago.png\" \/>\n\t<meta property=\"og:image:width\" content=\"1024\" \/>\n\t<meta property=\"og:image:height\" content=\"960\" \/>\n\t<meta property=\"og:image:type\" content=\"image\/png\" \/>\n<meta name=\"author\" content=\"Juristas Gitanos\" \/>\n<meta name=\"twitter:card\" content=\"summary_large_image\" \/>\n<meta name=\"twitter:label1\" content=\"Written by\" \/>\n\t<meta name=\"twitter:data1\" content=\"Juristas Gitanos\" \/>\n\t<meta name=\"twitter:label2\" content=\"Est. reading time\" \/>\n\t<meta name=\"twitter:data2\" content=\"2 minutes\" \/>\n<script type=\"application\/ld+json\" class=\"yoast-schema-graph\">{\"@context\":\"https:\/\/schema.org\",\"@graph\":[{\"@type\":\"Article\",\"@id\":\"https:\/\/juristasgitanos.org\/en\/avanza-la-denuncia-contra-eduardo-garcia-serrano\/#article\",\"isPartOf\":{\"@id\":\"https:\/\/juristasgitanos.org\/en\/avanza-la-denuncia-contra-eduardo-garcia-serrano\/\"},\"author\":{\"name\":\"Juristas Gitanos\",\"@id\":\"http:\/\/juristasgitanos.org\/en\/#\/schema\/person\/03b3cca45888ec234943e49796cc3d7f\"},\"headline\":\"Avanza la denuncia de Juristas Gitanos contra Eduardo Garc\u00eda Serrano\",\"datePublished\":\"2021-03-13T20:40:33+00:00\",\"dateModified\":\"2021-03-29T16:22:19+00:00\",\"mainEntityOfPage\":{\"@id\":\"https:\/\/juristasgitanos.org\/en\/avanza-la-denuncia-contra-eduardo-garcia-serrano\/\"},\"wordCount\":321,\"commentCount\":3,\"publisher\":{\"@id\":\"http:\/\/juristasgitanos.org\/en\/#organization\"},\"image\":{\"@id\":\"https:\/\/juristasgitanos.org\/en\/avanza-la-denuncia-contra-eduardo-garcia-serrano\/#primaryimage\"},\"thumbnailUrl\":\"http:\/\/juristasgitanos.org\/wp-content\/uploads\/2021\/03\/Marcos-Santiago.png\",\"keywords\":[\"abogado-gitano\",\"comunicado-de-prensa\",\"delitos-de-odio\",\"discriminacion\",\"eduardo-garcia\",\"marcos-santiago\"],\"articleSection\":[\"COMUNICADO DE PRNSA\",\"NOTICIAS\"],\"inLanguage\":\"en-US\",\"potentialAction\":[{\"@type\":\"CommentAction\",\"name\":\"Comment\",\"target\":[\"https:\/\/juristasgitanos.org\/en\/avanza-la-denuncia-contra-eduardo-garcia-serrano\/#respond\"]}]},{\"@type\":\"WebPage\",\"@id\":\"https:\/\/juristasgitanos.org\/en\/avanza-la-denuncia-contra-eduardo-garcia-serrano\/\",\"url\":\"https:\/\/juristasgitanos.org\/en\/avanza-la-denuncia-contra-eduardo-garcia-serrano\/\",\"name\":\"Avanza la denuncia de Juristas Gitanos contra Eduardo Garc\u00eda Serrano - No Blog Title Set\",\"isPartOf\":{\"@id\":\"http:\/\/juristasgitanos.org\/en\/#website\"},\"primaryImageOfPage\":{\"@id\":\"https:\/\/juristasgitanos.org\/en\/avanza-la-denuncia-contra-eduardo-garcia-serrano\/#primaryimage\"},\"image\":{\"@id\":\"https:\/\/juristasgitanos.org\/en\/avanza-la-denuncia-contra-eduardo-garcia-serrano\/#primaryimage\"},\"thumbnailUrl\":\"http:\/\/juristasgitanos.org\/wp-content\/uploads\/2021\/03\/Marcos-Santiago.png\",\"datePublished\":\"2021-03-13T20:40:33+00:00\",\"dateModified\":\"2021-03-29T16:22:19+00:00\",\"breadcrumb\":{\"@id\":\"https:\/\/juristasgitanos.org\/en\/avanza-la-denuncia-contra-eduardo-garcia-serrano\/#breadcrumb\"},\"inLanguage\":\"en-US\",\"potentialAction\":[{\"@type\":\"ReadAction\",\"target\":[\"https:\/\/juristasgitanos.org\/en\/avanza-la-denuncia-contra-eduardo-garcia-serrano\/\"]}]},{\"@type\":\"ImageObject\",\"inLanguage\":\"en-US\",\"@id\":\"https:\/\/juristasgitanos.org\/en\/avanza-la-denuncia-contra-eduardo-garcia-serrano\/#primaryimage\",\"url\":\"http:\/\/juristasgitanos.org\/wp-content\/uploads\/2021\/03\/Marcos-Santiago.png\",\"contentUrl\":\"http:\/\/juristasgitanos.org\/wp-content\/uploads\/2021\/03\/Marcos-Santiago.png\",\"width\":1024,\"height\":960},{\"@type\":\"BreadcrumbList\",\"@id\":\"https:\/\/juristasgitanos.org\/en\/avanza-la-denuncia-contra-eduardo-garcia-serrano\/#breadcrumb\",\"itemListElement\":[{\"@type\":\"ListItem\",\"position\":1,\"name\":\"Portada\",\"item\":\"http:\/\/juristasgitanos.org\/en\/\"},{\"@type\":\"ListItem\",\"position\":2,\"name\":\"Avanza la denuncia de Juristas Gitanos contra Eduardo Garc\u00eda Serrano\"}]},{\"@type\":\"WebSite\",\"@id\":\"http:\/\/juristasgitanos.org\/en\/#website\",\"url\":\"http:\/\/juristasgitanos.org\/en\/\",\"name\":\"No Blog Title Set\",\"description\":\"\",\"publisher\":{\"@id\":\"http:\/\/juristasgitanos.org\/en\/#organization\"},\"potentialAction\":[{\"@type\":\"SearchAction\",\"target\":{\"@type\":\"EntryPoint\",\"urlTemplate\":\"http:\/\/juristasgitanos.org\/en\/?s={search_term_string}\"},\"query-input\":\"required name=search_term_string\"}],\"inLanguage\":\"en-US\"},{\"@type\":\"Organization\",\"@id\":\"http:\/\/juristasgitanos.org\/en\/#organization\",\"name\":\"No Blog Title Set\",\"url\":\"http:\/\/juristasgitanos.org\/en\/\",\"logo\":{\"@type\":\"ImageObject\",\"inLanguage\":\"en-US\",\"@id\":\"http:\/\/juristasgitanos.org\/en\/#\/schema\/logo\/image\/\",\"url\":\"http:\/\/juristasgitanos.org\/wp-content\/uploads\/2021\/04\/fb-share-1.jpg\",\"contentUrl\":\"http:\/\/juristasgitanos.org\/wp-content\/uploads\/2021\/04\/fb-share-1.jpg\",\"width\":1044,\"height\":548,\"caption\":\"No Blog Title Set\"},\"image\":{\"@id\":\"http:\/\/juristasgitanos.org\/en\/#\/schema\/logo\/image\/\"},\"sameAs\":[\"https:\/\/api.whatsapp.com\/send?phone=34675931823\"]},{\"@type\":\"Person\",\"@id\":\"http:\/\/juristasgitanos.org\/en\/#\/schema\/person\/03b3cca45888ec234943e49796cc3d7f\",\"name\":\"Juristas Gitanos\",\"image\":{\"@type\":\"ImageObject\",\"inLanguage\":\"en-US\",\"@id\":\"http:\/\/juristasgitanos.org\/en\/#\/schema\/person\/image\/\",\"url\":\"http:\/\/1.gravatar.com\/avatar\/10af6d64b31d2de137091bff621b528c?s=96&d=mm&r=g\",\"contentUrl\":\"http:\/\/1.gravatar.com\/avatar\/10af6d64b31d2de137091bff621b528c?s=96&d=mm&r=g\",\"caption\":\"Juristas Gitanos\"},\"sameAs\":[\"http:\/\/juristasgitanos.org\"],\"url\":\"http:\/\/juristasgitanos.org\/en\/author\/jg\/\"}]}<\/script>\n<!-- \/ Yoast SEO plugin. -->","yoast_head_json":{"title":"Avanza la denuncia de Juristas Gitanos contra Eduardo Garc\u00eda Serrano - No Blog Title Set","robots":{"index":"index","follow":"follow","max-snippet":"max-snippet:-1","max-image-preview":"max-image-preview:large","max-video-preview":"max-video-preview:-1"},"canonical":"https:\/\/juristasgitanos.org\/en\/avanza-la-denuncia-contra-eduardo-garcia-serrano\/","og_locale":"en_US","og_type":"article","og_title":"Avanza la denuncia de Juristas Gitanos contra Eduardo Garc\u00eda Serrano - No Blog Title Set","og_description":"Avanza la denuncia contra Eduardo Garc\u00eda Serrano por un presunto delito de discriminaci\u00f3n","og_url":"https:\/\/juristasgitanos.org\/en\/avanza-la-denuncia-contra-eduardo-garcia-serrano\/","og_site_name":"No Blog Title Set","article_published_time":"2021-03-13T20:40:33+00:00","article_modified_time":"2021-03-29T16:22:19+00:00","og_image":[{"width":1024,"height":960,"url":"https:\/\/juristasgitanos.org\/wp-content\/uploads\/2021\/03\/Marcos-Santiago.png","type":"image\/png"}],"author":"Juristas Gitanos","twitter_card":"summary_large_image","twitter_misc":{"Written by":"Juristas Gitanos","Est. reading time":"2 minutes"},"schema":{"@context":"https:\/\/schema.org","@graph":[{"@type":"Article","@id":"https:\/\/juristasgitanos.org\/en\/avanza-la-denuncia-contra-eduardo-garcia-serrano\/#article","isPartOf":{"@id":"https:\/\/juristasgitanos.org\/en\/avanza-la-denuncia-contra-eduardo-garcia-serrano\/"},"author":{"name":"Juristas Gitanos","@id":"http:\/\/juristasgitanos.org\/en\/#\/schema\/person\/03b3cca45888ec234943e49796cc3d7f"},"headline":"Avanza la denuncia de Juristas Gitanos contra Eduardo Garc\u00eda Serrano","datePublished":"2021-03-13T20:40:33+00:00","dateModified":"2021-03-29T16:22:19+00:00","mainEntityOfPage":{"@id":"https:\/\/juristasgitanos.org\/en\/avanza-la-denuncia-contra-eduardo-garcia-serrano\/"},"wordCount":321,"commentCount":3,"publisher":{"@id":"http:\/\/juristasgitanos.org\/en\/#organization"},"image":{"@id":"https:\/\/juristasgitanos.org\/en\/avanza-la-denuncia-contra-eduardo-garcia-serrano\/#primaryimage"},"thumbnailUrl":"http:\/\/juristasgitanos.org\/wp-content\/uploads\/2021\/03\/Marcos-Santiago.png","keywords":["abogado-gitano","comunicado-de-prensa","delitos-de-odio","discriminacion","eduardo-garcia","marcos-santiago"],"articleSection":["COMUNICADO DE PRNSA","NOTICIAS"],"inLanguage":"en-US","potentialAction":[{"@type":"CommentAction","name":"Comment","target":["https:\/\/juristasgitanos.org\/en\/avanza-la-denuncia-contra-eduardo-garcia-serrano\/#respond"]}]},{"@type":"WebPage","@id":"https:\/\/juristasgitanos.org\/en\/avanza-la-denuncia-contra-eduardo-garcia-serrano\/","url":"https:\/\/juristasgitanos.org\/en\/avanza-la-denuncia-contra-eduardo-garcia-serrano\/","name":"Avanza la denuncia de Juristas Gitanos contra Eduardo Garc\u00eda Serrano - No Blog Title Set","isPartOf":{"@id":"http:\/\/juristasgitanos.org\/en\/#website"},"primaryImageOfPage":{"@id":"https:\/\/juristasgitanos.org\/en\/avanza-la-denuncia-contra-eduardo-garcia-serrano\/#primaryimage"},"image":{"@id":"https:\/\/juristasgitanos.org\/en\/avanza-la-denuncia-contra-eduardo-garcia-serrano\/#primaryimage"},"thumbnailUrl":"http:\/\/juristasgitanos.org\/wp-content\/uploads\/2021\/03\/Marcos-Santiago.png","datePublished":"2021-03-13T20:40:33+00:00","dateModified":"2021-03-29T16:22:19+00:00","breadcrumb":{"@id":"https:\/\/juristasgitanos.org\/en\/avanza-la-denuncia-contra-eduardo-garcia-serrano\/#breadcrumb"},"inLanguage":"en-US","potentialAction":[{"@type":"ReadAction","target":["https:\/\/juristasgitanos.org\/en\/avanza-la-denuncia-contra-eduardo-garcia-serrano\/"]}]},{"@type":"ImageObject","inLanguage":"en-US","@id":"https:\/\/juristasgitanos.org\/en\/avanza-la-denuncia-contra-eduardo-garcia-serrano\/#primaryimage","url":"http:\/\/juristasgitanos.org\/wp-content\/uploads\/2021\/03\/Marcos-Santiago.png","contentUrl":"http:\/\/juristasgitanos.org\/wp-content\/uploads\/2021\/03\/Marcos-Santiago.png","width":1024,"height":960},{"@type":"BreadcrumbList","@id":"https:\/\/juristasgitanos.org\/en\/avanza-la-denuncia-contra-eduardo-garcia-serrano\/#breadcrumb","itemListElement":[{"@type":"ListItem","position":1,"name":"Portada","item":"http:\/\/juristasgitanos.org\/en\/"},{"@type":"ListItem","position":2,"name":"Avanza la denuncia de Juristas Gitanos contra Eduardo Garc\u00eda Serrano"}]},{"@type":"WebSite","@id":"http:\/\/juristasgitanos.org\/en\/#website","url":"http:\/\/juristasgitanos.org\/en\/","name":"No Blog Title Set","description":"","publisher":{"@id":"http:\/\/juristasgitanos.org\/en\/#organization"},"potentialAction":[{"@type":"SearchAction","target":{"@type":"EntryPoint","urlTemplate":"http:\/\/juristasgitanos.org\/en\/?s={search_term_string}"},"query-input":"required name=search_term_string"}],"inLanguage":"en-US"},{"@type":"Organization","@id":"http:\/\/juristasgitanos.org\/en\/#organization","name":"No Blog Title Set","url":"http:\/\/juristasgitanos.org\/en\/","logo":{"@type":"ImageObject","inLanguage":"en-US","@id":"http:\/\/juristasgitanos.org\/en\/#\/schema\/logo\/image\/","url":"http:\/\/juristasgitanos.org\/wp-content\/uploads\/2021\/04\/fb-share-1.jpg","contentUrl":"http:\/\/juristasgitanos.org\/wp-content\/uploads\/2021\/04\/fb-share-1.jpg","width":1044,"height":548,"caption":"No Blog Title Set"},"image":{"@id":"http:\/\/juristasgitanos.org\/en\/#\/schema\/logo\/image\/"},"sameAs":["https:\/\/api.whatsapp.com\/send?phone=34675931823"]},{"@type":"Person","@id":"http:\/\/juristasgitanos.org\/en\/#\/schema\/person\/03b3cca45888ec234943e49796cc3d7f","name":"Juristas Gitanos","image":{"@type":"ImageObject","inLanguage":"en-US","@id":"http:\/\/juristasgitanos.org\/en\/#\/schema\/person\/image\/","url":"http:\/\/1.gravatar.com\/avatar\/10af6d64b31d2de137091bff621b528c?s=96&d=mm&r=g","contentUrl":"http:\/\/1.gravatar.com\/avatar\/10af6d64b31d2de137091bff621b528c?s=96&d=mm&r=g","caption":"Juristas Gitanos"},"sameAs":["http:\/\/juristasgitanos.org"],"url":"http:\/\/juristasgitanos.org\/en\/author\/jg\/"}]}},"_links":{"self":[{"href":"http:\/\/juristasgitanos.org\/en\/wp-json\/wp\/v2\/posts\/937"}],"collection":[{"href":"http:\/\/juristasgitanos.org\/en\/wp-json\/wp\/v2\/posts"}],"about":[{"href":"http:\/\/juristasgitanos.org\/en\/wp-json\/wp\/v2\/types\/post"}],"author":[{"embeddable":true,"href":"http:\/\/juristasgitanos.org\/en\/wp-json\/wp\/v2\/users\/11"}],"replies":[{"embeddable":true,"href":"http:\/\/juristasgitanos.org\/en\/wp-json\/wp\/v2\/comments?post=937"}],"version-history":[{"count":0,"href":"http:\/\/juristasgitanos.org\/en\/wp-json\/wp\/v2\/posts\/937\/revisions"}],"wp:featuredmedia":[{"embeddable":true,"href":"http:\/\/juristasgitanos.org\/en\/wp-json\/wp\/v2\/media\/1356"}],"wp:attachment":[{"href":"http:\/\/juristasgitanos.org\/en\/wp-json\/wp\/v2\/media?parent=937"}],"wp:term":[{"taxonomy":"category","embeddable":true,"href":"http:\/\/juristasgitanos.org\/en\/wp-json\/wp\/v2\/categories?post=937"},{"taxonomy":"post_tag","embeddable":true,"href":"http:\/\/juristasgitanos.org\/en\/wp-json\/wp\/v2\/tags?post=937"}],"curies":[{"name":"wp","href":"https:\/\/api.w.org\/{rel}","templated":true}]}}