{"id":624,"date":"2020-06-20T12:35:01","date_gmt":"2020-06-20T12:35:01","guid":{"rendered":"http:\/\/juristasgitanos.org\/?p=624"},"modified":"2021-03-30T07:47:18","modified_gmt":"2021-03-30T07:47:18","slug":"juristas-gitanos-acusacion-caso-daniel-jimenez","status":"publish","type":"post","link":"http:\/\/juristasgitanos.org\/en\/juristas-gitanos-acusacion-caso-daniel-jimenez\/","title":{"rendered":"Juristas Gitanos intervendr\u00e1 como acusaci\u00f3n popular en el caso de Daniel Jim\u00e9nez"},"content":{"rendered":"<p><strong>La Asociaci\u00f3n de Juristas Gitanos intervendr\u00e1 como acusaci\u00f3n popular en el caso del joven fallecido en la comisar\u00eda de Algeciras.&nbsp;<\/strong><\/p>\n\n\n\n<p>En la madrugada del pasado 1 de Junio, <a href=\"http:\/\/juristasgitanos.org\/en\/quienes-somos\/\" data-type=\"URL\" data-id=\"http:\/\/juristasgitanos.org\/quienes-somos\/\" target=\"_blank\" rel=\"noreferrer noopener\">Daniel Jim\u00e9nez Jim\u00e9nez<\/a>, de 38 a\u00f1os, fallec\u00eda en la comisar\u00eda de Algeciras por ahorcamiento, seg\u00fan la versi\u00f3n policial. Ante las dudas en torno a lo sucedido, la familia de Daniel ha decidido denunciar el asunto a fin de esclarecer los hechos y depurar responsabilidades, si las hubiese.&nbsp;&nbsp;<\/p>\n\n\n\n<p>Con este prop\u00f3sito, desde hoy y en lo sucesivo, la Asociaci\u00f3n de Juristas Gitanos liderar\u00e1 la estrategia jur\u00eddica del caso. La acusaci\u00f3n particular, en nombre de la familia, la asumir\u00e1 <strong>Manuel Reyes Reyes<\/strong>, abogado cordob\u00e9s de notoria trayectoria especializado en Derecho Penal. En representaci\u00f3n de la organizaci\u00f3n, <strong>Luis Mendoza Carmona<\/strong>, abogado con experiencia en la defensa de derechos de minor\u00edas, se ocupar\u00e1 de la acusaci\u00f3n popular.&nbsp;&nbsp;<\/p>\n\n\n\n<p>En cumplimiento de su cometido, el letrado de la familia ha recurrido la providencia dictada por la jueza que instruye el asunto, que deneg\u00f3 todas las diligencias de prueba solicitadas. Se espera que en esta ocasi\u00f3n se admitan a tr\u00e1mite y se practiquen con la m\u00e1xima celeridad, pues han pasado ya m\u00e1s de dos semanas desde la fecha del fallecimiento, con el solo prop\u00f3sito de averiguar la forma en la que ocurrieron los hechos.&nbsp;&nbsp;<\/p>\n\n\n\n<p>Juristas Gitanos mantiene su confianza en la Justicia y no escatimar\u00e1 en medios personales y materiales para conocer la verdad.&nbsp;<\/p>\n\n\n\n<p class=\"has-text-align-center\" id=\"block-2031ab1a-54b3-461e-9fd6-f8199631ceda\"><img loading=\"lazy\" decoding=\"async\" width=\"162\" height=\"205\" src=\"https:\/\/lh6.googleusercontent.com\/zo8fwETTSRqwOhIs1egY1hM9adG4fvkrBAQZofoHR4UybKzDfxkP2KohltIxxdLu8WlSTiWA3zNYy9dJCBvvKamUNtu6WfDj7t8lmdH_R61-1nJFlb-L2PvaD6tyxbsDfkSWM0o\"><\/p>","protected":false},"excerpt":{"rendered":"<p>La Asociaci\u00f3n de Juristas Gitanos intervendr\u00e1 como acusaci\u00f3n popular en el caso del joven fallecido en la comisar\u00eda de Algeciras.&nbsp; En la madrugada del pasado 1<span class=\"excerpt-hellip\"> [\u2026]<\/span><\/p>\n","protected":false},"author":11,"featured_media":1435,"comment_status":"open","ping_status":"open","sticky":false,"template":"","format":"standard","meta":{"_bbp_topic_count":0,"_bbp_reply_count":0,"_bbp_total_topic_count":0,"_bbp_total_reply_count":0,"_bbp_voice_count":0,"_bbp_anonymous_reply_count":0,"_bbp_topic_count_hidden":0,"_bbp_reply_count_hidden":0,"_bbp_forum_subforum_count":0,"footnotes":""},"categories":[9,7],"tags":[13,47,46,43,54,53,45,44],"yoast_head":"<!-- This site is optimized with the Yoast SEO plugin v22.4 - https:\/\/yoast.com\/wordpress\/plugins\/seo\/ -->\n<title>Juristas Gitanos intervendr\u00e1 como acusaci\u00f3n popular en el caso de Daniel Jim\u00e9nez - No Blog Title Set<\/title>\n<meta name=\"robots\" content=\"index, follow, max-snippet:-1, max-image-preview:large, max-video-preview:-1\" \/>\n<link rel=\"canonical\" href=\"http:\/\/juristasgitanos.org\/en\/juristas-gitanos-acusacion-caso-daniel-jimenez\/\" \/>\n<meta property=\"og:locale\" content=\"en_US\" \/>\n<meta property=\"og:type\" content=\"article\" \/>\n<meta property=\"og:title\" content=\"Juristas Gitanos intervendr\u00e1 como acusaci\u00f3n popular en el caso de Daniel Jim\u00e9nez - No Blog Title Set\" \/>\n<meta property=\"og:description\" content=\"La Asociaci\u00f3n de Juristas Gitanos intervendr\u00e1 como acusaci\u00f3n popular en el caso del joven fallecido en la comisar\u00eda de Algeciras.&nbsp; En la madrugada del pasado 1 [\u2026]\" \/>\n<meta property=\"og:url\" content=\"http:\/\/juristasgitanos.org\/en\/juristas-gitanos-acusacion-caso-daniel-jimenez\/\" \/>\n<meta property=\"og:site_name\" content=\"No Blog Title Set\" \/>\n<meta property=\"article:published_time\" content=\"2020-06-20T12:35:01+00:00\" \/>\n<meta property=\"article:modified_time\" content=\"2021-03-30T07:47:18+00:00\" \/>\n<meta property=\"og:image\" content=\"http:\/\/juristasgitanos.org\/wp-content\/uploads\/2020\/06\/EaKEjWEVAAQ722V.jpg\" \/>\n\t<meta property=\"og:image:width\" content=\"1080\" \/>\n\t<meta property=\"og:image:height\" content=\"1062\" \/>\n\t<meta property=\"og:image:type\" content=\"image\/jpeg\" \/>\n<meta name=\"author\" content=\"Juristas Gitanos\" \/>\n<meta name=\"twitter:card\" content=\"summary_large_image\" \/>\n<meta name=\"twitter:label1\" content=\"Written by\" \/>\n\t<meta name=\"twitter:data1\" content=\"Juristas Gitanos\" \/>\n\t<meta name=\"twitter:label2\" content=\"Est. reading time\" \/>\n\t<meta name=\"twitter:data2\" content=\"1 minute\" \/>\n<script type=\"application\/ld+json\" class=\"yoast-schema-graph\">{\"@context\":\"https:\/\/schema.org\",\"@graph\":[{\"@type\":\"Article\",\"@id\":\"http:\/\/juristasgitanos.org\/juristas-gitanos-acusacion-caso-daniel-jimenez\/#article\",\"isPartOf\":{\"@id\":\"http:\/\/juristasgitanos.org\/juristas-gitanos-acusacion-caso-daniel-jimenez\/\"},\"author\":{\"name\":\"Juristas Gitanos\",\"@id\":\"http:\/\/juristasgitanos.org\/en\/#\/schema\/person\/03b3cca45888ec234943e49796cc3d7f\"},\"headline\":\"Juristas Gitanos intervendr\u00e1 como acusaci\u00f3n popular en el caso de Daniel Jim\u00e9nez\",\"datePublished\":\"2020-06-20T12:35:01+00:00\",\"dateModified\":\"2021-03-30T07:47:18+00:00\",\"mainEntityOfPage\":{\"@id\":\"http:\/\/juristasgitanos.org\/juristas-gitanos-acusacion-caso-daniel-jimenez\/\"},\"wordCount\":279,\"commentCount\":0,\"publisher\":{\"@id\":\"http:\/\/juristasgitanos.org\/en\/#organization\"},\"image\":{\"@id\":\"http:\/\/juristasgitanos.org\/juristas-gitanos-acusacion-caso-daniel-jimenez\/#primaryimage\"},\"thumbnailUrl\":\"http:\/\/juristasgitanos.org\/wp-content\/uploads\/2020\/06\/EaKEjWEVAAQ722V.jpg\",\"keywords\":[\"abogado-gitano\",\"acusacion-popular\",\"Algeciras\",\"Caso-Daniel-Jimenez\",\"luis-mendoza\",\"manuel-reyes\",\"muerte\",\"policia\"],\"articleSection\":[\"COMUNICADO DE PRNSA\",\"NOTICIAS\"],\"inLanguage\":\"en-US\",\"potentialAction\":[{\"@type\":\"CommentAction\",\"name\":\"Comment\",\"target\":[\"http:\/\/juristasgitanos.org\/juristas-gitanos-acusacion-caso-daniel-jimenez\/#respond\"]}]},{\"@type\":\"WebPage\",\"@id\":\"http:\/\/juristasgitanos.org\/juristas-gitanos-acusacion-caso-daniel-jimenez\/\",\"url\":\"http:\/\/juristasgitanos.org\/juristas-gitanos-acusacion-caso-daniel-jimenez\/\",\"name\":\"Juristas Gitanos intervendr\u00e1 como acusaci\u00f3n popular en el caso de Daniel Jim\u00e9nez - No Blog Title Set\",\"isPartOf\":{\"@id\":\"http:\/\/juristasgitanos.org\/en\/#website\"},\"primaryImageOfPage\":{\"@id\":\"http:\/\/juristasgitanos.org\/juristas-gitanos-acusacion-caso-daniel-jimenez\/#primaryimage\"},\"image\":{\"@id\":\"http:\/\/juristasgitanos.org\/juristas-gitanos-acusacion-caso-daniel-jimenez\/#primaryimage\"},\"thumbnailUrl\":\"http:\/\/juristasgitanos.org\/wp-content\/uploads\/2020\/06\/EaKEjWEVAAQ722V.jpg\",\"datePublished\":\"2020-06-20T12:35:01+00:00\",\"dateModified\":\"2021-03-30T07:47:18+00:00\",\"breadcrumb\":{\"@id\":\"http:\/\/juristasgitanos.org\/juristas-gitanos-acusacion-caso-daniel-jimenez\/#breadcrumb\"},\"inLanguage\":\"en-US\",\"potentialAction\":[{\"@type\":\"ReadAction\",\"target\":[\"http:\/\/juristasgitanos.org\/juristas-gitanos-acusacion-caso-daniel-jimenez\/\"]}]},{\"@type\":\"ImageObject\",\"inLanguage\":\"en-US\",\"@id\":\"http:\/\/juristasgitanos.org\/juristas-gitanos-acusacion-caso-daniel-jimenez\/#primaryimage\",\"url\":\"http:\/\/juristasgitanos.org\/wp-content\/uploads\/2020\/06\/EaKEjWEVAAQ722V.jpg\",\"contentUrl\":\"http:\/\/juristasgitanos.org\/wp-content\/uploads\/2020\/06\/EaKEjWEVAAQ722V.jpg\",\"width\":1080,\"height\":1062,\"caption\":\"Caso Daniel Jim\u00e9nez\"},{\"@type\":\"BreadcrumbList\",\"@id\":\"http:\/\/juristasgitanos.org\/juristas-gitanos-acusacion-caso-daniel-jimenez\/#breadcrumb\",\"itemListElement\":[{\"@type\":\"ListItem\",\"position\":1,\"name\":\"Portada\",\"item\":\"http:\/\/juristasgitanos.org\/en\/\"},{\"@type\":\"ListItem\",\"position\":2,\"name\":\"Juristas Gitanos intervendr\u00e1 como acusaci\u00f3n popular en el caso de Daniel Jim\u00e9nez\"}]},{\"@type\":\"WebSite\",\"@id\":\"http:\/\/juristasgitanos.org\/en\/#website\",\"url\":\"http:\/\/juristasgitanos.org\/en\/\",\"name\":\"No Blog Title Set\",\"description\":\"\",\"publisher\":{\"@id\":\"http:\/\/juristasgitanos.org\/en\/#organization\"},\"potentialAction\":[{\"@type\":\"SearchAction\",\"target\":{\"@type\":\"EntryPoint\",\"urlTemplate\":\"http:\/\/juristasgitanos.org\/en\/?s={search_term_string}\"},\"query-input\":\"required name=search_term_string\"}],\"inLanguage\":\"en-US\"},{\"@type\":\"Organization\",\"@id\":\"http:\/\/juristasgitanos.org\/en\/#organization\",\"name\":\"No Blog Title Set\",\"url\":\"http:\/\/juristasgitanos.org\/en\/\",\"logo\":{\"@type\":\"ImageObject\",\"inLanguage\":\"en-US\",\"@id\":\"http:\/\/juristasgitanos.org\/en\/#\/schema\/logo\/image\/\",\"url\":\"http:\/\/juristasgitanos.org\/wp-content\/uploads\/2021\/04\/fb-share-1.jpg\",\"contentUrl\":\"http:\/\/juristasgitanos.org\/wp-content\/uploads\/2021\/04\/fb-share-1.jpg\",\"width\":1044,\"height\":548,\"caption\":\"No Blog Title Set\"},\"image\":{\"@id\":\"http:\/\/juristasgitanos.org\/en\/#\/schema\/logo\/image\/\"},\"sameAs\":[\"https:\/\/api.whatsapp.com\/send?phone=34675931823\"]},{\"@type\":\"Person\",\"@id\":\"http:\/\/juristasgitanos.org\/en\/#\/schema\/person\/03b3cca45888ec234943e49796cc3d7f\",\"name\":\"Juristas Gitanos\",\"image\":{\"@type\":\"ImageObject\",\"inLanguage\":\"en-US\",\"@id\":\"http:\/\/juristasgitanos.org\/en\/#\/schema\/person\/image\/\",\"url\":\"http:\/\/1.gravatar.com\/avatar\/10af6d64b31d2de137091bff621b528c?s=96&d=mm&r=g\",\"contentUrl\":\"http:\/\/1.gravatar.com\/avatar\/10af6d64b31d2de137091bff621b528c?s=96&d=mm&r=g\",\"caption\":\"Juristas Gitanos\"},\"sameAs\":[\"http:\/\/juristasgitanos.org\"],\"url\":\"http:\/\/juristasgitanos.org\/en\/author\/jg\/\"}]}<\/script>\n<!-- \/ Yoast SEO plugin. -->","yoast_head_json":{"title":"Juristas Gitanos intervendr\u00e1 como acusaci\u00f3n popular en el caso de Daniel Jim\u00e9nez - No Blog Title Set","robots":{"index":"index","follow":"follow","max-snippet":"max-snippet:-1","max-image-preview":"max-image-preview:large","max-video-preview":"max-video-preview:-1"},"canonical":"http:\/\/juristasgitanos.org\/en\/juristas-gitanos-acusacion-caso-daniel-jimenez\/","og_locale":"en_US","og_type":"article","og_title":"Juristas Gitanos intervendr\u00e1 como acusaci\u00f3n popular en el caso de Daniel Jim\u00e9nez - No Blog Title Set","og_description":"La Asociaci\u00f3n de Juristas Gitanos intervendr\u00e1 como acusaci\u00f3n popular en el caso del joven fallecido en la comisar\u00eda de Algeciras.&nbsp; En la madrugada del pasado 1 [\u2026]","og_url":"http:\/\/juristasgitanos.org\/en\/juristas-gitanos-acusacion-caso-daniel-jimenez\/","og_site_name":"No Blog Title Set","article_published_time":"2020-06-20T12:35:01+00:00","article_modified_time":"2021-03-30T07:47:18+00:00","og_image":[{"width":1080,"height":1062,"url":"http:\/\/juristasgitanos.org\/wp-content\/uploads\/2020\/06\/EaKEjWEVAAQ722V.jpg","type":"image\/jpeg"}],"author":"Juristas Gitanos","twitter_card":"summary_large_image","twitter_misc":{"Written by":"Juristas Gitanos","Est. reading time":"1 minute"},"schema":{"@context":"https:\/\/schema.org","@graph":[{"@type":"Article","@id":"http:\/\/juristasgitanos.org\/juristas-gitanos-acusacion-caso-daniel-jimenez\/#article","isPartOf":{"@id":"http:\/\/juristasgitanos.org\/juristas-gitanos-acusacion-caso-daniel-jimenez\/"},"author":{"name":"Juristas Gitanos","@id":"http:\/\/juristasgitanos.org\/en\/#\/schema\/person\/03b3cca45888ec234943e49796cc3d7f"},"headline":"Juristas Gitanos intervendr\u00e1 como acusaci\u00f3n popular en el caso de Daniel Jim\u00e9nez","datePublished":"2020-06-20T12:35:01+00:00","dateModified":"2021-03-30T07:47:18+00:00","mainEntityOfPage":{"@id":"http:\/\/juristasgitanos.org\/juristas-gitanos-acusacion-caso-daniel-jimenez\/"},"wordCount":279,"commentCount":0,"publisher":{"@id":"http:\/\/juristasgitanos.org\/en\/#organization"},"image":{"@id":"http:\/\/juristasgitanos.org\/juristas-gitanos-acusacion-caso-daniel-jimenez\/#primaryimage"},"thumbnailUrl":"http:\/\/juristasgitanos.org\/wp-content\/uploads\/2020\/06\/EaKEjWEVAAQ722V.jpg","keywords":["abogado-gitano","acusacion-popular","Algeciras","Caso-Daniel-Jimenez","luis-mendoza","manuel-reyes","muerte","policia"],"articleSection":["COMUNICADO DE PRNSA","NOTICIAS"],"inLanguage":"en-US","potentialAction":[{"@type":"CommentAction","name":"Comment","target":["http:\/\/juristasgitanos.org\/juristas-gitanos-acusacion-caso-daniel-jimenez\/#respond"]}]},{"@type":"WebPage","@id":"http:\/\/juristasgitanos.org\/juristas-gitanos-acusacion-caso-daniel-jimenez\/","url":"http:\/\/juristasgitanos.org\/juristas-gitanos-acusacion-caso-daniel-jimenez\/","name":"Juristas Gitanos intervendr\u00e1 como acusaci\u00f3n popular en el caso de Daniel Jim\u00e9nez - No Blog Title Set","isPartOf":{"@id":"http:\/\/juristasgitanos.org\/en\/#website"},"primaryImageOfPage":{"@id":"http:\/\/juristasgitanos.org\/juristas-gitanos-acusacion-caso-daniel-jimenez\/#primaryimage"},"image":{"@id":"http:\/\/juristasgitanos.org\/juristas-gitanos-acusacion-caso-daniel-jimenez\/#primaryimage"},"thumbnailUrl":"http:\/\/juristasgitanos.org\/wp-content\/uploads\/2020\/06\/EaKEjWEVAAQ722V.jpg","datePublished":"2020-06-20T12:35:01+00:00","dateModified":"2021-03-30T07:47:18+00:00","breadcrumb":{"@id":"http:\/\/juristasgitanos.org\/juristas-gitanos-acusacion-caso-daniel-jimenez\/#breadcrumb"},"inLanguage":"en-US","potentialAction":[{"@type":"ReadAction","target":["http:\/\/juristasgitanos.org\/juristas-gitanos-acusacion-caso-daniel-jimenez\/"]}]},{"@type":"ImageObject","inLanguage":"en-US","@id":"http:\/\/juristasgitanos.org\/juristas-gitanos-acusacion-caso-daniel-jimenez\/#primaryimage","url":"http:\/\/juristasgitanos.org\/wp-content\/uploads\/2020\/06\/EaKEjWEVAAQ722V.jpg","contentUrl":"http:\/\/juristasgitanos.org\/wp-content\/uploads\/2020\/06\/EaKEjWEVAAQ722V.jpg","width":1080,"height":1062,"caption":"Caso Daniel Jim\u00e9nez"},{"@type":"BreadcrumbList","@id":"http:\/\/juristasgitanos.org\/juristas-gitanos-acusacion-caso-daniel-jimenez\/#breadcrumb","itemListElement":[{"@type":"ListItem","position":1,"name":"Portada","item":"http:\/\/juristasgitanos.org\/en\/"},{"@type":"ListItem","position":2,"name":"Juristas Gitanos intervendr\u00e1 como acusaci\u00f3n popular en el caso de Daniel Jim\u00e9nez"}]},{"@type":"WebSite","@id":"http:\/\/juristasgitanos.org\/en\/#website","url":"http:\/\/juristasgitanos.org\/en\/","name":"No Blog Title Set","description":"","publisher":{"@id":"http:\/\/juristasgitanos.org\/en\/#organization"},"potentialAction":[{"@type":"SearchAction","target":{"@type":"EntryPoint","urlTemplate":"http:\/\/juristasgitanos.org\/en\/?s={search_term_string}"},"query-input":"required name=search_term_string"}],"inLanguage":"en-US"},{"@type":"Organization","@id":"http:\/\/juristasgitanos.org\/en\/#organization","name":"No Blog Title Set","url":"http:\/\/juristasgitanos.org\/en\/","logo":{"@type":"ImageObject","inLanguage":"en-US","@id":"http:\/\/juristasgitanos.org\/en\/#\/schema\/logo\/image\/","url":"http:\/\/juristasgitanos.org\/wp-content\/uploads\/2021\/04\/fb-share-1.jpg","contentUrl":"http:\/\/juristasgitanos.org\/wp-content\/uploads\/2021\/04\/fb-share-1.jpg","width":1044,"height":548,"caption":"No Blog Title Set"},"image":{"@id":"http:\/\/juristasgitanos.org\/en\/#\/schema\/logo\/image\/"},"sameAs":["https:\/\/api.whatsapp.com\/send?phone=34675931823"]},{"@type":"Person","@id":"http:\/\/juristasgitanos.org\/en\/#\/schema\/person\/03b3cca45888ec234943e49796cc3d7f","name":"Juristas Gitanos","image":{"@type":"ImageObject","inLanguage":"en-US","@id":"http:\/\/juristasgitanos.org\/en\/#\/schema\/person\/image\/","url":"http:\/\/1.gravatar.com\/avatar\/10af6d64b31d2de137091bff621b528c?s=96&d=mm&r=g","contentUrl":"http:\/\/1.gravatar.com\/avatar\/10af6d64b31d2de137091bff621b528c?s=96&d=mm&r=g","caption":"Juristas Gitanos"},"sameAs":["http:\/\/juristasgitanos.org"],"url":"http:\/\/juristasgitanos.org\/en\/author\/jg\/"}]}},"_links":{"self":[{"href":"http:\/\/juristasgitanos.org\/en\/wp-json\/wp\/v2\/posts\/624"}],"collection":[{"href":"http:\/\/juristasgitanos.org\/en\/wp-json\/wp\/v2\/posts"}],"about":[{"href":"http:\/\/juristasgitanos.org\/en\/wp-json\/wp\/v2\/types\/post"}],"author":[{"embeddable":true,"href":"http:\/\/juristasgitanos.org\/en\/wp-json\/wp\/v2\/users\/11"}],"replies":[{"embeddable":true,"href":"http:\/\/juristasgitanos.org\/en\/wp-json\/wp\/v2\/comments?post=624"}],"version-history":[{"count":0,"href":"http:\/\/juristasgitanos.org\/en\/wp-json\/wp\/v2\/posts\/624\/revisions"}],"wp:featuredmedia":[{"embeddable":true,"href":"http:\/\/juristasgitanos.org\/en\/wp-json\/wp\/v2\/media\/1435"}],"wp:attachment":[{"href":"http:\/\/juristasgitanos.org\/en\/wp-json\/wp\/v2\/media?parent=624"}],"wp:term":[{"taxonomy":"category","embeddable":true,"href":"http:\/\/juristasgitanos.org\/en\/wp-json\/wp\/v2\/categories?post=624"},{"taxonomy":"post_tag","embeddable":true,"href":"http:\/\/juristasgitanos.org\/en\/wp-json\/wp\/v2\/tags?post=624"}],"curies":[{"name":"wp","href":"https:\/\/api.w.org\/{rel}","templated":true}]}}