{"id":60,"date":"2019-05-16T13:51:03","date_gmt":"2019-05-16T13:51:03","guid":{"rendered":"https:\/\/themes.muffingroup.com\/be\/cityhall\/?p=60"},"modified":"2021-03-29T15:33:26","modified_gmt":"2021-03-29T15:33:26","slug":"juristas-gitanos-es-realidad","status":"publish","type":"post","link":"http:\/\/juristasgitanos.org\/en\/juristas-gitanos-es-realidad\/","title":{"rendered":"Juristas Gitanos es realidad"},"content":{"rendered":"<p><strong>El 14 y 15 de Mayo reunimos a m\u00e1s de 70 participantes en el primer encuentro de Juristas Gitanos. Abogados, graduados, licenciados y estudiantes de Derecho de toda Espa\u00f1a, de todas las edades, todos gitanos. <\/strong><\/p>\n\n\n\n<div class=\"wp-block-image\"><figure class=\"aligncenter size-large\"><img loading=\"lazy\" decoding=\"async\" width=\"768\" height=\"1024\" src=\"http:\/\/juristasgitanos.org\/wp-content\/uploads\/2019\/10\/Meeting-de-Juristas-Gitanos-768x1024.jpg\" alt=\"\" class=\"wp-image-1382\" srcset=\"http:\/\/juristasgitanos.org\/wp-content\/uploads\/2019\/10\/Meeting-de-Juristas-Gitanos-768x1024.jpg 768w, http:\/\/juristasgitanos.org\/wp-content\/uploads\/2019\/10\/Meeting-de-Juristas-Gitanos-225x300.jpg 225w, http:\/\/juristasgitanos.org\/wp-content\/uploads\/2019\/10\/Meeting-de-Juristas-Gitanos-1152x1536.jpg 1152w, http:\/\/juristasgitanos.org\/wp-content\/uploads\/2019\/10\/Meeting-de-Juristas-Gitanos-1536x2048.jpg 1536w, http:\/\/juristasgitanos.org\/wp-content\/uploads\/2019\/10\/Meeting-de-Juristas-Gitanos-110x146.jpg 110w, http:\/\/juristasgitanos.org\/wp-content\/uploads\/2019\/10\/Meeting-de-Juristas-Gitanos-38x50.jpg 38w, http:\/\/juristasgitanos.org\/wp-content\/uploads\/2019\/10\/Meeting-de-Juristas-Gitanos-56x75.jpg 56w, http:\/\/juristasgitanos.org\/wp-content\/uploads\/2019\/10\/Meeting-de-Juristas-Gitanos.jpg 1728w\" sizes=\"(max-width:767px) 480px, (max-width:768px) 100vw, 768px\" \/><\/figure><\/div>\n\n\n\n<p>Nos acompa\u00f1aron tambi\u00e9n profesionales de otras disciplinas estrechamente vinculadas al \u00e1mbito jur\u00eddico. Fue un acontecimiento hist\u00f3rico que emociona e ilusiona, porque somos conscientes de todo lo bueno que puede salir de aqu\u00ed. Juntos por primera vez para aportar soluciones jur\u00eddicas a los problemas que afectan a nuestro pueblo y acometer, a trav\u00e9s de los recursos que las leyes nos habilitan, los retos de futuro que nos conciernen.<\/p>\n\n\n\n<blockquote class=\"wp-block-quote is-style-large\"><p>Juntos por primera vez para aportar soluciones jur\u00eddicas a los problemas que afectan a nuestro pueblo y acometer, a trav\u00e9s de los recursos que las leyes nos habilitan, los retos de futuro que nos conciernen.\u00bb<\/p><\/blockquote>\n\n\n\n<hr class=\"wp-block-separator\"\/>\n\n\n\n<p>Era necesaria. Una red nacida de entre nosotros y dirigida hacia el cumplimiento de nuestros propios fines -y no los que nos imponen otros-. Principios gitanos, enfoque jur\u00eddico. Vocaci\u00f3n social e inter\u00e9s profesional en equilibrio. Paso a paso y con buena letra, la idea, que surgi\u00f3 hace unos a\u00f1os de un peque\u00f1o grupo de juristas promovido por Ostalinda Maya, ha cobrado forma por fin. Un modelo organizativo pr\u00e1ctico e innovador que bien podr\u00eda inspirar la creaci\u00f3n de otras redes profesionales y su interconexi\u00f3n. Por qu\u00e9 no.<\/p>\n\n\n\n<p>El Derecho es un motor de progreso y de transformaci\u00f3n pol\u00edtica y social. Es un elemento de cohesi\u00f3n indispensable, nos determina como ciudadanos, nos iguala -a todos- en derechos y deberes y nos asigna un papel protagonista dentro de la sociedad de la que formamos parte. El Derecho es el instrumento m\u00e1s eficaz para contener a los racistas, a quienes no bastan las buenas palabras. Es la llave que abre todas las puertas que nos cerraron injustamente en el pasado y ahora, gracias a Dios, est\u00e1 en nuestras manos. Como gitanos y juristas, queremos acercar el conocimiento de sus derechos a nuestra gente, para que puedan disfrutarlos como merecen, para que puedan defenderlos frente a cualquier ataque, para que seamos un pueblo m\u00e1s fuerte y m\u00e1s consciente de s\u00ed mismo, y nadie jam\u00e1s pueda volver arrebatarnos nuestra dignidad ni la libertad de seguir siendo gitanos.<\/p>\n\n\n\n<blockquote class=\"wp-block-quote is-style-large\"><p>El Derecho es la llave que abre todas las puertas que nos cerraron injustamente en el pasado y ahora, gracias a Dios, est\u00e1 en nuestras manos.\u00bb<\/p><\/blockquote>\n\n\n\n<hr class=\"wp-block-separator\"\/>\n\n\n\n<div class=\"wp-block-image\"><figure class=\"aligncenter size-large\"><img loading=\"lazy\" decoding=\"async\" width=\"768\" height=\"1024\" src=\"http:\/\/juristasgitanos.org\/wp-content\/uploads\/2021\/03\/Defensa-legal-768x1024.jpeg\" alt=\"\" class=\"wp-image-866\" srcset=\"http:\/\/juristasgitanos.org\/wp-content\/uploads\/2021\/03\/Defensa-legal-768x1024.jpeg 768w, http:\/\/juristasgitanos.org\/wp-content\/uploads\/2021\/03\/Defensa-legal-225x300.jpeg 225w, http:\/\/juristasgitanos.org\/wp-content\/uploads\/2021\/03\/Defensa-legal-1152x1536.jpeg 1152w, http:\/\/juristasgitanos.org\/wp-content\/uploads\/2021\/03\/Defensa-legal-110x146.jpeg 110w, http:\/\/juristasgitanos.org\/wp-content\/uploads\/2021\/03\/Defensa-legal-38x50.jpeg 38w, http:\/\/juristasgitanos.org\/wp-content\/uploads\/2021\/03\/Defensa-legal-56x75.jpeg 56w, http:\/\/juristasgitanos.org\/wp-content\/uploads\/2021\/03\/Defensa-legal.jpeg 1536w\" sizes=\"(max-width:767px) 480px, (max-width:768px) 100vw, 768px\" \/><\/figure><\/div>\n\n\n\n<p>Ciertamente, nos negaron a base de palos y persecuciones la posibilidad de so\u00f1ar. Durante mucho tiempo la supervivencia fue nuestro \u00fanico objetivo y pensar en el ma\u00f1ana era un lujo que no nos pod\u00edamos permitir. Hoy, sin embargo, al ver el potencial, la preparaci\u00f3n, la ilusi\u00f3n y la fe de esta nueva generaci\u00f3n que emerge, nos concedemos de nuevo el privilegio de so\u00f1ar. Y no solo de so\u00f1ar, sino de cumplir nuestros sue\u00f1os. Con las personas adecuadas, lo imposible es f\u00e1cil. Con las personas incorrectas, lo m\u00e1s f\u00e1cil se torna imposible. Con generosidad, humildad y voluntad de aportar cada uno lo que tiene y puede, llegaremos muy lejos. Eso s\u00ed, con pasos peque\u00f1os y seguros. No hay prisa. Queda mucho por delante pero el inicio no pod\u00eda ser m\u00e1s esperanzador.<\/p>\n\n\n\n<p>Juristas Gitanos es realidad. Llega justo a tiempo, cuando m\u00e1s falta hac\u00eda. Y no es m\u00e9rito nuestro. Tan solo recogemos lo que otros sembraron con l\u00e1grimas y esfuerzo a\u00f1os, d\u00e9cadas atr\u00e1s. Os doy las gracias a todos, a mi equipo, los que hab\u00e9is colaborado en la puesta en marcha del proyecto, a los que hab\u00e9is participado en este primer encuentro y a los que os hab\u00e9is prestado a sumar esfuerzos para hacer que esto funcione, crezca y supere toda expectativa. Que Dios est\u00e9 con nosotros. Salud, derecho y libertad.<\/p>","protected":false},"excerpt":{"rendered":"<p>El 14 y 15 de Mayo reunimos a m\u00e1s de 70 participantes en el primer encuentro de Juristas Gitanos. Abogados, graduados, licenciados y estudiantes de Derecho<span class=\"excerpt-hellip\"> [\u2026]<\/span><\/p>\n","protected":false},"author":3,"featured_media":1379,"comment_status":"open","ping_status":"closed","sticky":false,"template":"","format":"standard","meta":{"_bbp_topic_count":0,"_bbp_reply_count":0,"_bbp_total_topic_count":0,"_bbp_total_reply_count":0,"_bbp_voice_count":0,"_bbp_anonymous_reply_count":0,"_bbp_topic_count_hidden":0,"_bbp_reply_count_hidden":0,"_bbp_forum_subforum_count":0,"footnotes":""},"categories":[6,7],"tags":[13,62,58,61,63,57,59],"yoast_head":"<!-- This site is optimized with the Yoast SEO plugin v22.4 - https:\/\/yoast.com\/wordpress\/plugins\/seo\/ -->\n<title>Juristas Gitanos es realidad - No Blog Title Set<\/title>\n<meta name=\"robots\" content=\"index, follow, max-snippet:-1, max-image-preview:large, max-video-preview:-1\" \/>\n<link rel=\"canonical\" href=\"http:\/\/juristasgitanos.org\/en\/juristas-gitanos-es-realidad\/\" \/>\n<meta property=\"og:locale\" content=\"en_US\" \/>\n<meta property=\"og:type\" content=\"article\" \/>\n<meta property=\"og:title\" content=\"Juristas Gitanos es realidad - No Blog Title Set\" \/>\n<meta property=\"og:description\" content=\"El 14 y 15 de Mayo reunimos a m\u00e1s de 70 participantes en el primer encuentro de Juristas Gitanos. Abogados, graduados, licenciados y estudiantes de Derecho [\u2026]\" \/>\n<meta property=\"og:url\" content=\"http:\/\/juristasgitanos.org\/en\/juristas-gitanos-es-realidad\/\" \/>\n<meta property=\"og:site_name\" content=\"No Blog Title Set\" \/>\n<meta property=\"article:published_time\" content=\"2019-05-16T13:51:03+00:00\" \/>\n<meta property=\"article:modified_time\" content=\"2021-03-29T15:33:26+00:00\" \/>\n<meta property=\"og:image\" content=\"http:\/\/juristasgitanos.org\/wp-content\/uploads\/2019\/10\/WhatsApp-Image-2020-05-14-at-19.08.02.jpeg\" \/>\n\t<meta property=\"og:image:width\" content=\"1600\" \/>\n\t<meta property=\"og:image:height\" content=\"900\" \/>\n\t<meta property=\"og:image:type\" content=\"image\/jpeg\" \/>\n<meta name=\"author\" content=\"Emilio Israel Cort\u00e9s Santiago\" \/>\n<meta name=\"twitter:card\" content=\"summary_large_image\" \/>\n<meta name=\"twitter:label1\" content=\"Written by\" \/>\n\t<meta name=\"twitter:data1\" content=\"Emilio Israel Cort\u00e9s Santiago\" \/>\n\t<meta name=\"twitter:label2\" content=\"Est. reading time\" \/>\n\t<meta name=\"twitter:data2\" content=\"3 minutes\" \/>\n<script type=\"application\/ld+json\" class=\"yoast-schema-graph\">{\"@context\":\"https:\/\/schema.org\",\"@graph\":[{\"@type\":\"Article\",\"@id\":\"http:\/\/juristasgitanos.org\/juristas-gitanos-es-realidad\/#article\",\"isPartOf\":{\"@id\":\"http:\/\/juristasgitanos.org\/juristas-gitanos-es-realidad\/\"},\"author\":{\"name\":\"Emilio Israel Cort\u00e9s Santiago\",\"@id\":\"http:\/\/juristasgitanos.org\/en\/#\/schema\/person\/ef503dcece38657abfa49e3d26308a3b\"},\"headline\":\"Juristas Gitanos es realidad\",\"datePublished\":\"2019-05-16T13:51:03+00:00\",\"dateModified\":\"2021-03-29T15:33:26+00:00\",\"mainEntityOfPage\":{\"@id\":\"http:\/\/juristasgitanos.org\/juristas-gitanos-es-realidad\/\"},\"wordCount\":665,\"commentCount\":0,\"publisher\":{\"@id\":\"http:\/\/juristasgitanos.org\/en\/#organization\"},\"image\":{\"@id\":\"http:\/\/juristasgitanos.org\/juristas-gitanos-es-realidad\/#primaryimage\"},\"thumbnailUrl\":\"http:\/\/juristasgitanos.org\/wp-content\/uploads\/2019\/10\/WhatsApp-Image-2020-05-14-at-19.08.02.jpeg\",\"keywords\":[\"abogado-gitano\",\"Derecho\",\"derechos\",\"encuentros\",\"estudiantes\",\"juristas-gitanos\",\"Pueblo-Gitano\"],\"articleSection\":[\"ARTICULOS\",\"NOTICIAS\"],\"inLanguage\":\"en-US\",\"potentialAction\":[{\"@type\":\"CommentAction\",\"name\":\"Comment\",\"target\":[\"http:\/\/juristasgitanos.org\/juristas-gitanos-es-realidad\/#respond\"]}]},{\"@type\":\"WebPage\",\"@id\":\"http:\/\/juristasgitanos.org\/juristas-gitanos-es-realidad\/\",\"url\":\"http:\/\/juristasgitanos.org\/juristas-gitanos-es-realidad\/\",\"name\":\"Juristas Gitanos es realidad - No Blog Title Set\",\"isPartOf\":{\"@id\":\"http:\/\/juristasgitanos.org\/en\/#website\"},\"primaryImageOfPage\":{\"@id\":\"http:\/\/juristasgitanos.org\/juristas-gitanos-es-realidad\/#primaryimage\"},\"image\":{\"@id\":\"http:\/\/juristasgitanos.org\/juristas-gitanos-es-realidad\/#primaryimage\"},\"thumbnailUrl\":\"http:\/\/juristasgitanos.org\/wp-content\/uploads\/2019\/10\/WhatsApp-Image-2020-05-14-at-19.08.02.jpeg\",\"datePublished\":\"2019-05-16T13:51:03+00:00\",\"dateModified\":\"2021-03-29T15:33:26+00:00\",\"breadcrumb\":{\"@id\":\"http:\/\/juristasgitanos.org\/juristas-gitanos-es-realidad\/#breadcrumb\"},\"inLanguage\":\"en-US\",\"potentialAction\":[{\"@type\":\"ReadAction\",\"target\":[\"http:\/\/juristasgitanos.org\/juristas-gitanos-es-realidad\/\"]}]},{\"@type\":\"ImageObject\",\"inLanguage\":\"en-US\",\"@id\":\"http:\/\/juristasgitanos.org\/juristas-gitanos-es-realidad\/#primaryimage\",\"url\":\"http:\/\/juristasgitanos.org\/wp-content\/uploads\/2019\/10\/WhatsApp-Image-2020-05-14-at-19.08.02.jpeg\",\"contentUrl\":\"http:\/\/juristasgitanos.org\/wp-content\/uploads\/2019\/10\/WhatsApp-Image-2020-05-14-at-19.08.02.jpeg\",\"width\":1600,\"height\":900},{\"@type\":\"BreadcrumbList\",\"@id\":\"http:\/\/juristasgitanos.org\/juristas-gitanos-es-realidad\/#breadcrumb\",\"itemListElement\":[{\"@type\":\"ListItem\",\"position\":1,\"name\":\"Portada\",\"item\":\"http:\/\/juristasgitanos.org\/en\/\"},{\"@type\":\"ListItem\",\"position\":2,\"name\":\"Juristas Gitanos es realidad\"}]},{\"@type\":\"WebSite\",\"@id\":\"http:\/\/juristasgitanos.org\/en\/#website\",\"url\":\"http:\/\/juristasgitanos.org\/en\/\",\"name\":\"No Blog Title Set\",\"description\":\"\",\"publisher\":{\"@id\":\"http:\/\/juristasgitanos.org\/en\/#organization\"},\"potentialAction\":[{\"@type\":\"SearchAction\",\"target\":{\"@type\":\"EntryPoint\",\"urlTemplate\":\"http:\/\/juristasgitanos.org\/en\/?s={search_term_string}\"},\"query-input\":\"required name=search_term_string\"}],\"inLanguage\":\"en-US\"},{\"@type\":\"Organization\",\"@id\":\"http:\/\/juristasgitanos.org\/en\/#organization\",\"name\":\"No Blog Title Set\",\"url\":\"http:\/\/juristasgitanos.org\/en\/\",\"logo\":{\"@type\":\"ImageObject\",\"inLanguage\":\"en-US\",\"@id\":\"http:\/\/juristasgitanos.org\/en\/#\/schema\/logo\/image\/\",\"url\":\"http:\/\/juristasgitanos.org\/wp-content\/uploads\/2021\/04\/fb-share-1.jpg\",\"contentUrl\":\"http:\/\/juristasgitanos.org\/wp-content\/uploads\/2021\/04\/fb-share-1.jpg\",\"width\":1044,\"height\":548,\"caption\":\"No Blog Title Set\"},\"image\":{\"@id\":\"http:\/\/juristasgitanos.org\/en\/#\/schema\/logo\/image\/\"},\"sameAs\":[\"https:\/\/api.whatsapp.com\/send?phone=34675931823\"]},{\"@type\":\"Person\",\"@id\":\"http:\/\/juristasgitanos.org\/en\/#\/schema\/person\/ef503dcece38657abfa49e3d26308a3b\",\"name\":\"Emilio Israel Cort\u00e9s Santiago\",\"image\":{\"@type\":\"ImageObject\",\"inLanguage\":\"en-US\",\"@id\":\"http:\/\/juristasgitanos.org\/en\/#\/schema\/person\/image\/\",\"url\":\"http:\/\/0.gravatar.com\/avatar\/ce7940dc67a2e45817dde279c7868e10?s=96&d=mm&r=g\",\"contentUrl\":\"http:\/\/0.gravatar.com\/avatar\/ce7940dc67a2e45817dde279c7868e10?s=96&d=mm&r=g\",\"caption\":\"Emilio Israel Cort\u00e9s Santiago\"},\"description\":\"Licenciado en Derecho y M\u00e1ster en RRHH. Ha trabajado durante 6 a\u00f1os en el \u00e1mbito social, en diferentes organizaciones gitanas, como gestor de proyectos sociales y formador. Adem\u00e1s, ha estado vinculado por 8 a\u00f1os a la Administraci\u00f3n P\u00fablica, en el \u00e1mbito municipal y auton\u00f3mico. Ha dirigido los cursos de Introducci\u00f3n a los Delitos de Odio y de Aproximaci\u00f3n al Antigitanismo de la Universidad Polit\u00e9cnica de Valencia, y el programa de Gesti\u00f3n e Innovaci\u00f3n de Organizaciones Sociales de Fundeun, en la Universidad de Alicante, en los que tambi\u00e9n ha participado como docente.\",\"url\":\"http:\/\/juristasgitanos.org\/en\/author\/emilio-israel\/\"}]}<\/script>\n<!-- \/ Yoast SEO plugin. -->","yoast_head_json":{"title":"Juristas Gitanos es realidad - No Blog Title Set","robots":{"index":"index","follow":"follow","max-snippet":"max-snippet:-1","max-image-preview":"max-image-preview:large","max-video-preview":"max-video-preview:-1"},"canonical":"http:\/\/juristasgitanos.org\/en\/juristas-gitanos-es-realidad\/","og_locale":"en_US","og_type":"article","og_title":"Juristas Gitanos es realidad - No Blog Title Set","og_description":"El 14 y 15 de Mayo reunimos a m\u00e1s de 70 participantes en el primer encuentro de Juristas Gitanos. Abogados, graduados, licenciados y estudiantes de Derecho [\u2026]","og_url":"http:\/\/juristasgitanos.org\/en\/juristas-gitanos-es-realidad\/","og_site_name":"No Blog Title Set","article_published_time":"2019-05-16T13:51:03+00:00","article_modified_time":"2021-03-29T15:33:26+00:00","og_image":[{"width":1600,"height":900,"url":"http:\/\/juristasgitanos.org\/wp-content\/uploads\/2019\/10\/WhatsApp-Image-2020-05-14-at-19.08.02.jpeg","type":"image\/jpeg"}],"author":"Emilio Israel Cort\u00e9s Santiago","twitter_card":"summary_large_image","twitter_misc":{"Written by":"Emilio Israel Cort\u00e9s Santiago","Est. reading time":"3 minutes"},"schema":{"@context":"https:\/\/schema.org","@graph":[{"@type":"Article","@id":"http:\/\/juristasgitanos.org\/juristas-gitanos-es-realidad\/#article","isPartOf":{"@id":"http:\/\/juristasgitanos.org\/juristas-gitanos-es-realidad\/"},"author":{"name":"Emilio Israel Cort\u00e9s Santiago","@id":"http:\/\/juristasgitanos.org\/en\/#\/schema\/person\/ef503dcece38657abfa49e3d26308a3b"},"headline":"Juristas Gitanos es realidad","datePublished":"2019-05-16T13:51:03+00:00","dateModified":"2021-03-29T15:33:26+00:00","mainEntityOfPage":{"@id":"http:\/\/juristasgitanos.org\/juristas-gitanos-es-realidad\/"},"wordCount":665,"commentCount":0,"publisher":{"@id":"http:\/\/juristasgitanos.org\/en\/#organization"},"image":{"@id":"http:\/\/juristasgitanos.org\/juristas-gitanos-es-realidad\/#primaryimage"},"thumbnailUrl":"http:\/\/juristasgitanos.org\/wp-content\/uploads\/2019\/10\/WhatsApp-Image-2020-05-14-at-19.08.02.jpeg","keywords":["abogado-gitano","Derecho","derechos","encuentros","estudiantes","juristas-gitanos","Pueblo-Gitano"],"articleSection":["ARTICULOS","NOTICIAS"],"inLanguage":"en-US","potentialAction":[{"@type":"CommentAction","name":"Comment","target":["http:\/\/juristasgitanos.org\/juristas-gitanos-es-realidad\/#respond"]}]},{"@type":"WebPage","@id":"http:\/\/juristasgitanos.org\/juristas-gitanos-es-realidad\/","url":"http:\/\/juristasgitanos.org\/juristas-gitanos-es-realidad\/","name":"Juristas Gitanos es realidad - No Blog Title Set","isPartOf":{"@id":"http:\/\/juristasgitanos.org\/en\/#website"},"primaryImageOfPage":{"@id":"http:\/\/juristasgitanos.org\/juristas-gitanos-es-realidad\/#primaryimage"},"image":{"@id":"http:\/\/juristasgitanos.org\/juristas-gitanos-es-realidad\/#primaryimage"},"thumbnailUrl":"http:\/\/juristasgitanos.org\/wp-content\/uploads\/2019\/10\/WhatsApp-Image-2020-05-14-at-19.08.02.jpeg","datePublished":"2019-05-16T13:51:03+00:00","dateModified":"2021-03-29T15:33:26+00:00","breadcrumb":{"@id":"http:\/\/juristasgitanos.org\/juristas-gitanos-es-realidad\/#breadcrumb"},"inLanguage":"en-US","potentialAction":[{"@type":"ReadAction","target":["http:\/\/juristasgitanos.org\/juristas-gitanos-es-realidad\/"]}]},{"@type":"ImageObject","inLanguage":"en-US","@id":"http:\/\/juristasgitanos.org\/juristas-gitanos-es-realidad\/#primaryimage","url":"http:\/\/juristasgitanos.org\/wp-content\/uploads\/2019\/10\/WhatsApp-Image-2020-05-14-at-19.08.02.jpeg","contentUrl":"http:\/\/juristasgitanos.org\/wp-content\/uploads\/2019\/10\/WhatsApp-Image-2020-05-14-at-19.08.02.jpeg","width":1600,"height":900},{"@type":"BreadcrumbList","@id":"http:\/\/juristasgitanos.org\/juristas-gitanos-es-realidad\/#breadcrumb","itemListElement":[{"@type":"ListItem","position":1,"name":"Portada","item":"http:\/\/juristasgitanos.org\/en\/"},{"@type":"ListItem","position":2,"name":"Juristas Gitanos es realidad"}]},{"@type":"WebSite","@id":"http:\/\/juristasgitanos.org\/en\/#website","url":"http:\/\/juristasgitanos.org\/en\/","name":"No Blog Title Set","description":"","publisher":{"@id":"http:\/\/juristasgitanos.org\/en\/#organization"},"potentialAction":[{"@type":"SearchAction","target":{"@type":"EntryPoint","urlTemplate":"http:\/\/juristasgitanos.org\/en\/?s={search_term_string}"},"query-input":"required name=search_term_string"}],"inLanguage":"en-US"},{"@type":"Organization","@id":"http:\/\/juristasgitanos.org\/en\/#organization","name":"No Blog Title Set","url":"http:\/\/juristasgitanos.org\/en\/","logo":{"@type":"ImageObject","inLanguage":"en-US","@id":"http:\/\/juristasgitanos.org\/en\/#\/schema\/logo\/image\/","url":"http:\/\/juristasgitanos.org\/wp-content\/uploads\/2021\/04\/fb-share-1.jpg","contentUrl":"http:\/\/juristasgitanos.org\/wp-content\/uploads\/2021\/04\/fb-share-1.jpg","width":1044,"height":548,"caption":"No Blog Title Set"},"image":{"@id":"http:\/\/juristasgitanos.org\/en\/#\/schema\/logo\/image\/"},"sameAs":["https:\/\/api.whatsapp.com\/send?phone=34675931823"]},{"@type":"Person","@id":"http:\/\/juristasgitanos.org\/en\/#\/schema\/person\/ef503dcece38657abfa49e3d26308a3b","name":"Emilio Israel Cort\u00e9s Santiago","image":{"@type":"ImageObject","inLanguage":"en-US","@id":"http:\/\/juristasgitanos.org\/en\/#\/schema\/person\/image\/","url":"http:\/\/0.gravatar.com\/avatar\/ce7940dc67a2e45817dde279c7868e10?s=96&d=mm&r=g","contentUrl":"http:\/\/0.gravatar.com\/avatar\/ce7940dc67a2e45817dde279c7868e10?s=96&d=mm&r=g","caption":"Emilio Israel Cort\u00e9s Santiago"},"description":"Licenciado en Derecho y M\u00e1ster en RRHH. Ha trabajado durante 6 a\u00f1os en el \u00e1mbito social, en diferentes organizaciones gitanas, como gestor de proyectos sociales y formador. Adem\u00e1s, ha estado vinculado por 8 a\u00f1os a la Administraci\u00f3n P\u00fablica, en el \u00e1mbito municipal y auton\u00f3mico. Ha dirigido los cursos de Introducci\u00f3n a los Delitos de Odio y de Aproximaci\u00f3n al Antigitanismo de la Universidad Polit\u00e9cnica de Valencia, y el programa de Gesti\u00f3n e Innovaci\u00f3n de Organizaciones Sociales de Fundeun, en la Universidad de Alicante, en los que tambi\u00e9n ha participado como docente.","url":"http:\/\/juristasgitanos.org\/en\/author\/emilio-israel\/"}]}},"_links":{"self":[{"href":"http:\/\/juristasgitanos.org\/en\/wp-json\/wp\/v2\/posts\/60"}],"collection":[{"href":"http:\/\/juristasgitanos.org\/en\/wp-json\/wp\/v2\/posts"}],"about":[{"href":"http:\/\/juristasgitanos.org\/en\/wp-json\/wp\/v2\/types\/post"}],"author":[{"embeddable":true,"href":"http:\/\/juristasgitanos.org\/en\/wp-json\/wp\/v2\/users\/3"}],"replies":[{"embeddable":true,"href":"http:\/\/juristasgitanos.org\/en\/wp-json\/wp\/v2\/comments?post=60"}],"version-history":[{"count":0,"href":"http:\/\/juristasgitanos.org\/en\/wp-json\/wp\/v2\/posts\/60\/revisions"}],"wp:featuredmedia":[{"embeddable":true,"href":"http:\/\/juristasgitanos.org\/en\/wp-json\/wp\/v2\/media\/1379"}],"wp:attachment":[{"href":"http:\/\/juristasgitanos.org\/en\/wp-json\/wp\/v2\/media?parent=60"}],"wp:term":[{"taxonomy":"category","embeddable":true,"href":"http:\/\/juristasgitanos.org\/en\/wp-json\/wp\/v2\/categories?post=60"},{"taxonomy":"post_tag","embeddable":true,"href":"http:\/\/juristasgitanos.org\/en\/wp-json\/wp\/v2\/tags?post=60"}],"curies":[{"name":"wp","href":"https:\/\/api.w.org\/{rel}","templated":true}]}}