{"id":343,"date":"2020-08-01T21:31:54","date_gmt":"2020-08-01T21:31:54","guid":{"rendered":"http:\/\/juristasgitanos.org\/?p=343"},"modified":"2023-06-03T15:25:11","modified_gmt":"2023-06-03T15:25:11","slug":"juristas-gitanos-contra-eduardo-garcia","status":"publish","type":"post","link":"http:\/\/juristasgitanos.org\/en\/juristas-gitanos-contra-eduardo-garcia\/","title":{"rendered":"Juristas Gitanos intervendr\u00e1 como acusaci\u00f3n particular contra Eduardo Garc\u00eda Serrano"},"content":{"rendered":"<p><strong>Juristas Gitanos intervendr\u00e1 como acusaci\u00f3n particular contra el periodista Eduardo Garc\u00eda Serrano por sus graves declaraciones contra el Pueblo Gitano<\/strong>.<\/p>\n\n\n\n<p>La Asociaci\u00f3n de Juristas Gitanos ha interpuesto denuncia contra el periodista <strong>Eduardo Garc\u00eda Serrano<\/strong> por las declaraciones vertidas contra el Pueblo Gitano durante la retransmisi\u00f3n del programa televisivo \u201c<strong>El Gato al Agua<\/strong>\u201d, de \u201cEl Toro TV\u201d, en el que interviene habitualmente como colaborador.<\/p>\n\n\n\n<div class=\"wp-block-image\"><figure class=\"aligncenter size-large\"><img loading=\"lazy\" decoding=\"async\" width=\"1024\" height=\"520\" src=\"http:\/\/juristasgitanos.org\/wp-content\/uploads\/2021\/03\/22af6b87-4a1a-44d7-951e-766472307397_source-aspect-ratio_default_0-1-1-1-1024x520.jpg\" alt=\"\" class=\"wp-image-945\" srcset=\"http:\/\/juristasgitanos.org\/wp-content\/uploads\/2021\/03\/22af6b87-4a1a-44d7-951e-766472307397_source-aspect-ratio_default_0-1-1-1-1024x520.jpg 1024w, http:\/\/juristasgitanos.org\/wp-content\/uploads\/2021\/03\/22af6b87-4a1a-44d7-951e-766472307397_source-aspect-ratio_default_0-1-1-1-300x152.jpg 300w, http:\/\/juristasgitanos.org\/wp-content\/uploads\/2021\/03\/22af6b87-4a1a-44d7-951e-766472307397_source-aspect-ratio_default_0-1-1-1-768x390.jpg 768w, http:\/\/juristasgitanos.org\/wp-content\/uploads\/2021\/03\/22af6b87-4a1a-44d7-951e-766472307397_source-aspect-ratio_default_0-1-1-1-260x132.jpg 260w, http:\/\/juristasgitanos.org\/wp-content\/uploads\/2021\/03\/22af6b87-4a1a-44d7-951e-766472307397_source-aspect-ratio_default_0-1-1-1-50x25.jpg 50w, http:\/\/juristasgitanos.org\/wp-content\/uploads\/2021\/03\/22af6b87-4a1a-44d7-951e-766472307397_source-aspect-ratio_default_0-1-1-1-148x75.jpg 148w, http:\/\/juristasgitanos.org\/wp-content\/uploads\/2021\/03\/22af6b87-4a1a-44d7-951e-766472307397_source-aspect-ratio_default_0-1-1-1.jpg 1068w\" sizes=\"(max-width:767px) 480px, (max-width:1024px) 100vw, 1024px\" \/><\/figure><\/div>\n\n\n\n<p>En el marco del debate acerca del acto institucional de conmemoraci\u00f3n del genocidio nazi &#8211;<strong>Samudarip\u00e9n<\/strong>-, que se cobr\u00f3 la vida de m\u00e1s de un mill\u00f3n de gitanos, y en relaci\u00f3n a <strong>La Gran Redada<\/strong> -el primer intento de exterminio de los gitanos en Espa\u00f1a-, el Sr. Garc\u00eda Serrano, sin negar la veracidad de este hecho hist\u00f3rico, lo justific\u00f3 en base a los mismos argumentos que promovieron uno y otro genocidio: la supuesta insubordinaci\u00f3n civil y legal como modo de vida de los gitanos, present\u00e1ndolos como una amenaza social que no debiera permitirse. Seg\u00fan el tertuliano, no deber\u00eda pedirse perd\u00f3n al Pueblo Gitano por la persecuci\u00f3n institucional sufrida, \u201cen absoluto, debieran ser los gitanos quienes pidieran perd\u00f3n a los payos\u201d por haberles consentido ese tipo de comportamiento \u201cdesde hace siglos\u201d.<\/p>\n\n\n\n<p>Por medio de sus declaraciones, el periodista discrimina, menosprecia, humilla y criminaliza a todos los miembros de la comunidad gitana de forma gen\u00e9rica. Con sus palabras, el presunto agresor extiende una imagen del pueblo gitano estereotipada y prejuiciada que atenta contra la pac\u00edfica convivencia y la dignidad de cualquier persona perteneciente al Pueblo Gitano.<\/p>\n\n\n\n<p>Entendiendo que tales manifestaciones podr\u00edan ser constitutivas de un delito de odio, Juristas Gitanos ha interpuesto denuncia y ha confiado el asunto al abogado cordob\u00e9s, y gitano, <strong>Marcos Santiago Cort\u00e9s<\/strong>.<\/p>\n\n\n\n<p class=\"has-text-align-center\"><br><img loading=\"lazy\" decoding=\"async\" width=\"162\" height=\"205\" src=\"https:\/\/lh6.googleusercontent.com\/zo8fwETTSRqwOhIs1egY1hM9adG4fvkrBAQZofoHR4UybKzDfxkP2KohltIxxdLu8WlSTiWA3zNYy9dJCBvvKamUNtu6WfDj7t8lmdH_R61-1nJFlb-L2PvaD6tyxbsDfkSWM0o\"><\/p>","protected":false},"excerpt":{"rendered":"<p>Juristas Gitanos intervendr\u00e1 como acusaci\u00f3n particular contra el periodista Eduardo Garc\u00eda Serrano por sus graves declaraciones contra el Pueblo Gitano.<\/p>","protected":false},"author":11,"featured_media":0,"comment_status":"open","ping_status":"open","sticky":false,"template":"","format":"standard","meta":{"_bbp_topic_count":0,"_bbp_reply_count":0,"_bbp_total_topic_count":0,"_bbp_total_reply_count":0,"_bbp_voice_count":0,"_bbp_anonymous_reply_count":0,"_bbp_topic_count_hidden":0,"_bbp_reply_count_hidden":0,"_bbp_forum_subforum_count":0,"footnotes":""},"categories":[9,7],"tags":[13,51,21,23,22,52,56],"yoast_head":"<!-- This site is optimized with the Yoast SEO plugin v22.4 - https:\/\/yoast.com\/wordpress\/plugins\/seo\/ -->\n<title>Juristas Gitanos intervendr\u00e1 como acusaci\u00f3n particular contra Eduardo Garc\u00eda Serrano - No Blog Title Set<\/title>\n<meta name=\"robots\" content=\"index, follow, max-snippet:-1, max-image-preview:large, max-video-preview:-1\" \/>\n<link rel=\"canonical\" href=\"http:\/\/juristasgitanos.org\/en\/juristas-gitanos-contra-eduardo-garcia\/\" \/>\n<meta property=\"og:locale\" content=\"en_US\" \/>\n<meta property=\"og:type\" content=\"article\" \/>\n<meta property=\"og:title\" content=\"Juristas Gitanos intervendr\u00e1 como acusaci\u00f3n particular contra Eduardo Garc\u00eda Serrano - No Blog Title Set\" \/>\n<meta property=\"og:description\" content=\"Juristas Gitanos intervendr\u00e1 como acusaci\u00f3n particular contra el periodista Eduardo Garc\u00eda Serrano por sus graves declaraciones contra el Pueblo Gitano.\" \/>\n<meta property=\"og:url\" content=\"http:\/\/juristasgitanos.org\/en\/juristas-gitanos-contra-eduardo-garcia\/\" \/>\n<meta property=\"og:site_name\" content=\"No Blog Title Set\" \/>\n<meta property=\"article:published_time\" content=\"2020-08-01T21:31:54+00:00\" \/>\n<meta property=\"article:modified_time\" content=\"2023-06-03T15:25:11+00:00\" \/>\n<meta property=\"og:image\" content=\"http:\/\/juristasgitanos.org\/wp-content\/uploads\/2021\/03\/22af6b87-4a1a-44d7-951e-766472307397_source-aspect-ratio_default_0-1-1-1-1024x520.jpg\" \/>\n<meta name=\"author\" content=\"Juristas Gitanos\" \/>\n<meta name=\"twitter:card\" content=\"summary_large_image\" \/>\n<meta name=\"twitter:label1\" content=\"Written by\" \/>\n\t<meta name=\"twitter:data1\" content=\"Juristas Gitanos\" \/>\n\t<meta name=\"twitter:label2\" content=\"Est. reading time\" \/>\n\t<meta name=\"twitter:data2\" content=\"2 minutes\" \/>\n<script type=\"application\/ld+json\" class=\"yoast-schema-graph\">{\"@context\":\"https:\/\/schema.org\",\"@graph\":[{\"@type\":\"Article\",\"@id\":\"http:\/\/juristasgitanos.org\/en\/juristas-gitanos-contra-eduardo-garcia\/#article\",\"isPartOf\":{\"@id\":\"http:\/\/juristasgitanos.org\/en\/juristas-gitanos-contra-eduardo-garcia\/\"},\"author\":{\"name\":\"Juristas Gitanos\",\"@id\":\"http:\/\/juristasgitanos.org\/en\/#\/schema\/person\/03b3cca45888ec234943e49796cc3d7f\"},\"headline\":\"Juristas Gitanos intervendr\u00e1 como acusaci\u00f3n particular contra Eduardo Garc\u00eda Serrano\",\"datePublished\":\"2020-08-01T21:31:54+00:00\",\"dateModified\":\"2023-06-03T15:25:11+00:00\",\"mainEntityOfPage\":{\"@id\":\"http:\/\/juristasgitanos.org\/en\/juristas-gitanos-contra-eduardo-garcia\/\"},\"wordCount\":313,\"commentCount\":1,\"publisher\":{\"@id\":\"http:\/\/juristasgitanos.org\/en\/#organization\"},\"image\":{\"@id\":\"http:\/\/juristasgitanos.org\/en\/juristas-gitanos-contra-eduardo-garcia\/#primaryimage\"},\"thumbnailUrl\":\"http:\/\/juristasgitanos.org\/wp-content\/uploads\/2021\/03\/22af6b87-4a1a-44d7-951e-766472307397_source-aspect-ratio_default_0-1-1-1-1024x520.jpg\",\"keywords\":[\"abogado-gitano\",\"acusacion-particular\",\"discriminacion\",\"eduardo-garcia\",\"marcos-santiago\",\"medios-de-comunicacion\",\"racismo\"],\"articleSection\":[\"COMUNICADO DE PRNSA\",\"NOTICIAS\"],\"inLanguage\":\"en-US\",\"potentialAction\":[{\"@type\":\"CommentAction\",\"name\":\"Comment\",\"target\":[\"http:\/\/juristasgitanos.org\/en\/juristas-gitanos-contra-eduardo-garcia\/#respond\"]}]},{\"@type\":\"WebPage\",\"@id\":\"http:\/\/juristasgitanos.org\/en\/juristas-gitanos-contra-eduardo-garcia\/\",\"url\":\"http:\/\/juristasgitanos.org\/en\/juristas-gitanos-contra-eduardo-garcia\/\",\"name\":\"Juristas Gitanos intervendr\u00e1 como acusaci\u00f3n particular contra Eduardo Garc\u00eda Serrano - No Blog Title Set\",\"isPartOf\":{\"@id\":\"http:\/\/juristasgitanos.org\/en\/#website\"},\"primaryImageOfPage\":{\"@id\":\"http:\/\/juristasgitanos.org\/en\/juristas-gitanos-contra-eduardo-garcia\/#primaryimage\"},\"image\":{\"@id\":\"http:\/\/juristasgitanos.org\/en\/juristas-gitanos-contra-eduardo-garcia\/#primaryimage\"},\"thumbnailUrl\":\"http:\/\/juristasgitanos.org\/wp-content\/uploads\/2021\/03\/22af6b87-4a1a-44d7-951e-766472307397_source-aspect-ratio_default_0-1-1-1-1024x520.jpg\",\"datePublished\":\"2020-08-01T21:31:54+00:00\",\"dateModified\":\"2023-06-03T15:25:11+00:00\",\"breadcrumb\":{\"@id\":\"http:\/\/juristasgitanos.org\/en\/juristas-gitanos-contra-eduardo-garcia\/#breadcrumb\"},\"inLanguage\":\"en-US\",\"potentialAction\":[{\"@type\":\"ReadAction\",\"target\":[\"http:\/\/juristasgitanos.org\/en\/juristas-gitanos-contra-eduardo-garcia\/\"]}]},{\"@type\":\"ImageObject\",\"inLanguage\":\"en-US\",\"@id\":\"http:\/\/juristasgitanos.org\/en\/juristas-gitanos-contra-eduardo-garcia\/#primaryimage\",\"url\":\"http:\/\/juristasgitanos.org\/wp-content\/uploads\/2021\/03\/22af6b87-4a1a-44d7-951e-766472307397_source-aspect-ratio_default_0-1-1-1-1024x520.jpg\",\"contentUrl\":\"http:\/\/juristasgitanos.org\/wp-content\/uploads\/2021\/03\/22af6b87-4a1a-44d7-951e-766472307397_source-aspect-ratio_default_0-1-1-1-1024x520.jpg\"},{\"@type\":\"BreadcrumbList\",\"@id\":\"http:\/\/juristasgitanos.org\/en\/juristas-gitanos-contra-eduardo-garcia\/#breadcrumb\",\"itemListElement\":[{\"@type\":\"ListItem\",\"position\":1,\"name\":\"Portada\",\"item\":\"http:\/\/juristasgitanos.org\/en\/\"},{\"@type\":\"ListItem\",\"position\":2,\"name\":\"Juristas Gitanos intervendr\u00e1 como acusaci\u00f3n particular contra Eduardo Garc\u00eda Serrano\"}]},{\"@type\":\"WebSite\",\"@id\":\"http:\/\/juristasgitanos.org\/en\/#website\",\"url\":\"http:\/\/juristasgitanos.org\/en\/\",\"name\":\"No Blog Title Set\",\"description\":\"\",\"publisher\":{\"@id\":\"http:\/\/juristasgitanos.org\/en\/#organization\"},\"potentialAction\":[{\"@type\":\"SearchAction\",\"target\":{\"@type\":\"EntryPoint\",\"urlTemplate\":\"http:\/\/juristasgitanos.org\/en\/?s={search_term_string}\"},\"query-input\":\"required name=search_term_string\"}],\"inLanguage\":\"en-US\"},{\"@type\":\"Organization\",\"@id\":\"http:\/\/juristasgitanos.org\/en\/#organization\",\"name\":\"No Blog Title Set\",\"url\":\"http:\/\/juristasgitanos.org\/en\/\",\"logo\":{\"@type\":\"ImageObject\",\"inLanguage\":\"en-US\",\"@id\":\"http:\/\/juristasgitanos.org\/en\/#\/schema\/logo\/image\/\",\"url\":\"http:\/\/juristasgitanos.org\/wp-content\/uploads\/2021\/04\/fb-share-1.jpg\",\"contentUrl\":\"http:\/\/juristasgitanos.org\/wp-content\/uploads\/2021\/04\/fb-share-1.jpg\",\"width\":1044,\"height\":548,\"caption\":\"No Blog Title Set\"},\"image\":{\"@id\":\"http:\/\/juristasgitanos.org\/en\/#\/schema\/logo\/image\/\"},\"sameAs\":[\"https:\/\/api.whatsapp.com\/send?phone=34675931823\"]},{\"@type\":\"Person\",\"@id\":\"http:\/\/juristasgitanos.org\/en\/#\/schema\/person\/03b3cca45888ec234943e49796cc3d7f\",\"name\":\"Juristas Gitanos\",\"image\":{\"@type\":\"ImageObject\",\"inLanguage\":\"en-US\",\"@id\":\"http:\/\/juristasgitanos.org\/en\/#\/schema\/person\/image\/\",\"url\":\"http:\/\/1.gravatar.com\/avatar\/10af6d64b31d2de137091bff621b528c?s=96&d=mm&r=g\",\"contentUrl\":\"http:\/\/1.gravatar.com\/avatar\/10af6d64b31d2de137091bff621b528c?s=96&d=mm&r=g\",\"caption\":\"Juristas Gitanos\"},\"sameAs\":[\"http:\/\/juristasgitanos.org\"],\"url\":\"http:\/\/juristasgitanos.org\/en\/author\/jg\/\"}]}<\/script>\n<!-- \/ Yoast SEO plugin. -->","yoast_head_json":{"title":"Juristas Gitanos intervendr\u00e1 como acusaci\u00f3n particular contra Eduardo Garc\u00eda Serrano - No Blog Title Set","robots":{"index":"index","follow":"follow","max-snippet":"max-snippet:-1","max-image-preview":"max-image-preview:large","max-video-preview":"max-video-preview:-1"},"canonical":"http:\/\/juristasgitanos.org\/en\/juristas-gitanos-contra-eduardo-garcia\/","og_locale":"en_US","og_type":"article","og_title":"Juristas Gitanos intervendr\u00e1 como acusaci\u00f3n particular contra Eduardo Garc\u00eda Serrano - No Blog Title Set","og_description":"Juristas Gitanos intervendr\u00e1 como acusaci\u00f3n particular contra el periodista Eduardo Garc\u00eda Serrano por sus graves declaraciones contra el Pueblo Gitano.","og_url":"http:\/\/juristasgitanos.org\/en\/juristas-gitanos-contra-eduardo-garcia\/","og_site_name":"No Blog Title Set","article_published_time":"2020-08-01T21:31:54+00:00","article_modified_time":"2023-06-03T15:25:11+00:00","og_image":[{"url":"http:\/\/juristasgitanos.org\/wp-content\/uploads\/2021\/03\/22af6b87-4a1a-44d7-951e-766472307397_source-aspect-ratio_default_0-1-1-1-1024x520.jpg"}],"author":"Juristas Gitanos","twitter_card":"summary_large_image","twitter_misc":{"Written by":"Juristas Gitanos","Est. reading time":"2 minutes"},"schema":{"@context":"https:\/\/schema.org","@graph":[{"@type":"Article","@id":"http:\/\/juristasgitanos.org\/en\/juristas-gitanos-contra-eduardo-garcia\/#article","isPartOf":{"@id":"http:\/\/juristasgitanos.org\/en\/juristas-gitanos-contra-eduardo-garcia\/"},"author":{"name":"Juristas Gitanos","@id":"http:\/\/juristasgitanos.org\/en\/#\/schema\/person\/03b3cca45888ec234943e49796cc3d7f"},"headline":"Juristas Gitanos intervendr\u00e1 como acusaci\u00f3n particular contra Eduardo Garc\u00eda Serrano","datePublished":"2020-08-01T21:31:54+00:00","dateModified":"2023-06-03T15:25:11+00:00","mainEntityOfPage":{"@id":"http:\/\/juristasgitanos.org\/en\/juristas-gitanos-contra-eduardo-garcia\/"},"wordCount":313,"commentCount":1,"publisher":{"@id":"http:\/\/juristasgitanos.org\/en\/#organization"},"image":{"@id":"http:\/\/juristasgitanos.org\/en\/juristas-gitanos-contra-eduardo-garcia\/#primaryimage"},"thumbnailUrl":"http:\/\/juristasgitanos.org\/wp-content\/uploads\/2021\/03\/22af6b87-4a1a-44d7-951e-766472307397_source-aspect-ratio_default_0-1-1-1-1024x520.jpg","keywords":["abogado-gitano","acusacion-particular","discriminacion","eduardo-garcia","marcos-santiago","medios-de-comunicacion","racismo"],"articleSection":["COMUNICADO DE PRNSA","NOTICIAS"],"inLanguage":"en-US","potentialAction":[{"@type":"CommentAction","name":"Comment","target":["http:\/\/juristasgitanos.org\/en\/juristas-gitanos-contra-eduardo-garcia\/#respond"]}]},{"@type":"WebPage","@id":"http:\/\/juristasgitanos.org\/en\/juristas-gitanos-contra-eduardo-garcia\/","url":"http:\/\/juristasgitanos.org\/en\/juristas-gitanos-contra-eduardo-garcia\/","name":"Juristas Gitanos intervendr\u00e1 como acusaci\u00f3n particular contra Eduardo Garc\u00eda Serrano - No Blog Title Set","isPartOf":{"@id":"http:\/\/juristasgitanos.org\/en\/#website"},"primaryImageOfPage":{"@id":"http:\/\/juristasgitanos.org\/en\/juristas-gitanos-contra-eduardo-garcia\/#primaryimage"},"image":{"@id":"http:\/\/juristasgitanos.org\/en\/juristas-gitanos-contra-eduardo-garcia\/#primaryimage"},"thumbnailUrl":"http:\/\/juristasgitanos.org\/wp-content\/uploads\/2021\/03\/22af6b87-4a1a-44d7-951e-766472307397_source-aspect-ratio_default_0-1-1-1-1024x520.jpg","datePublished":"2020-08-01T21:31:54+00:00","dateModified":"2023-06-03T15:25:11+00:00","breadcrumb":{"@id":"http:\/\/juristasgitanos.org\/en\/juristas-gitanos-contra-eduardo-garcia\/#breadcrumb"},"inLanguage":"en-US","potentialAction":[{"@type":"ReadAction","target":["http:\/\/juristasgitanos.org\/en\/juristas-gitanos-contra-eduardo-garcia\/"]}]},{"@type":"ImageObject","inLanguage":"en-US","@id":"http:\/\/juristasgitanos.org\/en\/juristas-gitanos-contra-eduardo-garcia\/#primaryimage","url":"http:\/\/juristasgitanos.org\/wp-content\/uploads\/2021\/03\/22af6b87-4a1a-44d7-951e-766472307397_source-aspect-ratio_default_0-1-1-1-1024x520.jpg","contentUrl":"http:\/\/juristasgitanos.org\/wp-content\/uploads\/2021\/03\/22af6b87-4a1a-44d7-951e-766472307397_source-aspect-ratio_default_0-1-1-1-1024x520.jpg"},{"@type":"BreadcrumbList","@id":"http:\/\/juristasgitanos.org\/en\/juristas-gitanos-contra-eduardo-garcia\/#breadcrumb","itemListElement":[{"@type":"ListItem","position":1,"name":"Portada","item":"http:\/\/juristasgitanos.org\/en\/"},{"@type":"ListItem","position":2,"name":"Juristas Gitanos intervendr\u00e1 como acusaci\u00f3n particular contra Eduardo Garc\u00eda Serrano"}]},{"@type":"WebSite","@id":"http:\/\/juristasgitanos.org\/en\/#website","url":"http:\/\/juristasgitanos.org\/en\/","name":"No Blog Title Set","description":"","publisher":{"@id":"http:\/\/juristasgitanos.org\/en\/#organization"},"potentialAction":[{"@type":"SearchAction","target":{"@type":"EntryPoint","urlTemplate":"http:\/\/juristasgitanos.org\/en\/?s={search_term_string}"},"query-input":"required name=search_term_string"}],"inLanguage":"en-US"},{"@type":"Organization","@id":"http:\/\/juristasgitanos.org\/en\/#organization","name":"No Blog Title Set","url":"http:\/\/juristasgitanos.org\/en\/","logo":{"@type":"ImageObject","inLanguage":"en-US","@id":"http:\/\/juristasgitanos.org\/en\/#\/schema\/logo\/image\/","url":"http:\/\/juristasgitanos.org\/wp-content\/uploads\/2021\/04\/fb-share-1.jpg","contentUrl":"http:\/\/juristasgitanos.org\/wp-content\/uploads\/2021\/04\/fb-share-1.jpg","width":1044,"height":548,"caption":"No Blog Title Set"},"image":{"@id":"http:\/\/juristasgitanos.org\/en\/#\/schema\/logo\/image\/"},"sameAs":["https:\/\/api.whatsapp.com\/send?phone=34675931823"]},{"@type":"Person","@id":"http:\/\/juristasgitanos.org\/en\/#\/schema\/person\/03b3cca45888ec234943e49796cc3d7f","name":"Juristas Gitanos","image":{"@type":"ImageObject","inLanguage":"en-US","@id":"http:\/\/juristasgitanos.org\/en\/#\/schema\/person\/image\/","url":"http:\/\/1.gravatar.com\/avatar\/10af6d64b31d2de137091bff621b528c?s=96&d=mm&r=g","contentUrl":"http:\/\/1.gravatar.com\/avatar\/10af6d64b31d2de137091bff621b528c?s=96&d=mm&r=g","caption":"Juristas Gitanos"},"sameAs":["http:\/\/juristasgitanos.org"],"url":"http:\/\/juristasgitanos.org\/en\/author\/jg\/"}]}},"_links":{"self":[{"href":"http:\/\/juristasgitanos.org\/en\/wp-json\/wp\/v2\/posts\/343"}],"collection":[{"href":"http:\/\/juristasgitanos.org\/en\/wp-json\/wp\/v2\/posts"}],"about":[{"href":"http:\/\/juristasgitanos.org\/en\/wp-json\/wp\/v2\/types\/post"}],"author":[{"embeddable":true,"href":"http:\/\/juristasgitanos.org\/en\/wp-json\/wp\/v2\/users\/11"}],"replies":[{"embeddable":true,"href":"http:\/\/juristasgitanos.org\/en\/wp-json\/wp\/v2\/comments?post=343"}],"version-history":[{"count":0,"href":"http:\/\/juristasgitanos.org\/en\/wp-json\/wp\/v2\/posts\/343\/revisions"}],"wp:attachment":[{"href":"http:\/\/juristasgitanos.org\/en\/wp-json\/wp\/v2\/media?parent=343"}],"wp:term":[{"taxonomy":"category","embeddable":true,"href":"http:\/\/juristasgitanos.org\/en\/wp-json\/wp\/v2\/categories?post=343"},{"taxonomy":"post_tag","embeddable":true,"href":"http:\/\/juristasgitanos.org\/en\/wp-json\/wp\/v2\/tags?post=343"}],"curies":[{"name":"wp","href":"https:\/\/api.w.org\/{rel}","templated":true}]}}