{"id":1507,"date":"2021-05-08T07:35:42","date_gmt":"2021-05-08T07:35:42","guid":{"rendered":"http:\/\/juristasgitanos.org\/?p=1507"},"modified":"2021-05-09T08:14:17","modified_gmt":"2021-05-09T08:14:17","slug":"juristas-gitanos-recurre-el-archivo-de-la-denuncia-contra-eduardo-garcia-serrano","status":"publish","type":"post","link":"http:\/\/juristasgitanos.org\/en\/juristas-gitanos-recurre-el-archivo-de-la-denuncia-contra-eduardo-garcia-serrano\/","title":{"rendered":"Juristas Gitanos recurre el archivo de la denuncia contra Eduardo Garc\u00eda Serrano"},"content":{"rendered":"<p><strong><strong><strong>Juristas Gitanos recurre ante la Audiencia el sobreseimiento de la denuncia contra el periodista Eduardo Garc\u00eda Serrano<\/strong><\/strong><\/strong>.<\/p>\n\n\n\n<p>La Asociaci\u00f3n de Juristas Gitanos ha interpuesto <strong>recurso directo<\/strong> ante la Audiencia Provincial de Madrid frente al archivo de la denuncia presentada contra el periodista <strong>Eduardo Garc\u00eda Serrano<\/strong>,<strong> <\/strong>quien realiz\u00f3 unas graves declaraciones sobre el Pueblo Gitano durante la retransmisi\u00f3n del programa televisivo <strong>\u201cEl Gato al Agua\u201d<\/strong> el pasado mes de julio.<\/p>\n\n\n\n<p>La falta de sensibilidad y objetividad del juzgado se ratifica al no valorar siquiera el contexto en el que se vierten esas \u201cafirmaciones \u00e1cidas\u201d, el acto institucional de conmemoraci\u00f3n del <strong>Samudarip\u00e9n<\/strong>, el genocidio nazi que se cobr\u00f3 la vida de m\u00e1s de un mill\u00f3n de gitanos, y de <strong>La Gran Redada<\/strong>, el primer intento de exterminio de los gitanos en Espa\u00f1a.<\/p>\n\n\n\n<figure class=\"wp-block-image size-large\"><img loading=\"lazy\" decoding=\"async\" width=\"1024\" height=\"577\" src=\"http:\/\/juristasgitanos.org\/wp-content\/uploads\/2021\/03\/20160408_121457-1-edited-1024x577.jpg\" alt=\"\" class=\"wp-image-944\" srcset=\"http:\/\/juristasgitanos.org\/wp-content\/uploads\/2021\/03\/20160408_121457-1-edited-1024x577.jpg 1024w, http:\/\/juristasgitanos.org\/wp-content\/uploads\/2021\/03\/20160408_121457-1-edited-300x169.jpg 300w, http:\/\/juristasgitanos.org\/wp-content\/uploads\/2021\/03\/20160408_121457-1-edited-768x433.jpg 768w, http:\/\/juristasgitanos.org\/wp-content\/uploads\/2021\/03\/20160408_121457-1-edited-1536x866.jpg 1536w, http:\/\/juristasgitanos.org\/wp-content\/uploads\/2021\/03\/20160408_121457-1-edited-2048x1154.jpg 2048w, http:\/\/juristasgitanos.org\/wp-content\/uploads\/2021\/03\/20160408_121457-1-edited-260x146.jpg 260w, http:\/\/juristasgitanos.org\/wp-content\/uploads\/2021\/03\/20160408_121457-1-edited-50x28.jpg 50w, http:\/\/juristasgitanos.org\/wp-content\/uploads\/2021\/03\/20160408_121457-1-edited-133x75.jpg 133w, http:\/\/juristasgitanos.org\/wp-content\/uploads\/2021\/03\/20160408_121457-1-edited-1200x675.jpg 1200w\" sizes=\"(max-width:767px) 480px, (max-width:1024px) 100vw, 1024px\" \/><\/figure>\n\n\n\n<p>Tal como expone en su escrito de recurso <strong>Marcos Santiago<\/strong>, abogado gitano que representa a la asociaci\u00f3n, \u201c<em>la libertad de expresi\u00f3n no debe utilizarse como una patente de corso para cometer delitos de odio<\/em>\u201d.<\/p>\n\n\n\n<p>Juristas Gitanos recurre ahora en segunda instancia, confiando en el criterio de la Audiencia, con el \u00e1nimo de evitar que esta resoluci\u00f3n se erija como un peligroso precedente \u201c<em>contra la dignidad de todos los grupos sociales protegidos en los tipos penales encuadrados como Delitos de Odio<\/em>\u201d y que \u201c<em>este tipo de delitos no se convierta en un mero adorno<\/em>\u201d.<\/p>\n\n\n\n<div class=\"wp-block-image\"><figure class=\"aligncenter size-large\"><img loading=\"lazy\" decoding=\"async\" width=\"421\" height=\"117\" src=\"http:\/\/juristasgitanos.org\/wp-content\/uploads\/2020\/11\/Logo3i1-1.png\" alt=\"\" class=\"wp-image-102\" srcset=\"http:\/\/juristasgitanos.org\/wp-content\/uploads\/2020\/11\/Logo3i1-1.png 421w, http:\/\/juristasgitanos.org\/wp-content\/uploads\/2020\/11\/Logo3i1-1-300x83.png 300w, http:\/\/juristasgitanos.org\/wp-content\/uploads\/2020\/11\/Logo3i1-1-260x72.png 260w, http:\/\/juristasgitanos.org\/wp-content\/uploads\/2020\/11\/Logo3i1-1-50x14.png 50w, http:\/\/juristasgitanos.org\/wp-content\/uploads\/2020\/11\/Logo3i1-1-150x42.png 150w\" sizes=\"(max-width:767px) 421px, 421px\" \/><\/figure><\/div>\n\n\n\n<hr class=\"wp-block-separator\"\/>","protected":false},"excerpt":{"rendered":"<p>Avanza la denuncia contra Eduardo Garc\u00eda Serrano por un presunto delito de discriminaci\u00f3n<\/p>","protected":false},"author":11,"featured_media":1356,"comment_status":"open","ping_status":"open","sticky":false,"template":"","format":"standard","meta":{"_bbp_topic_count":0,"_bbp_reply_count":0,"_bbp_total_topic_count":0,"_bbp_total_reply_count":0,"_bbp_voice_count":0,"_bbp_anonymous_reply_count":0,"_bbp_topic_count_hidden":0,"_bbp_reply_count_hidden":0,"_bbp_forum_subforum_count":0,"footnotes":""},"categories":[6,9],"tags":[13,65,23,68,22,56,48,67,49],"yoast_head":"<!-- This site is optimized with the Yoast SEO plugin v22.4 - https:\/\/yoast.com\/wordpress\/plugins\/seo\/ -->\n<title>Juristas Gitanos recurre el archivo de la denuncia contra Eduardo Garc\u00eda Serrano - No Blog Title Set<\/title>\n<meta name=\"robots\" content=\"index, follow, max-snippet:-1, max-image-preview:large, max-video-preview:-1\" \/>\n<link rel=\"canonical\" href=\"http:\/\/juristasgitanos.org\/en\/juristas-gitanos-recurre-el-archivo-de-la-denuncia-contra-eduardo-garcia-serrano\/\" \/>\n<meta property=\"og:locale\" content=\"en_US\" \/>\n<meta property=\"og:type\" content=\"article\" \/>\n<meta property=\"og:title\" content=\"Juristas Gitanos recurre el archivo de la denuncia contra Eduardo Garc\u00eda Serrano\" \/>\n<meta property=\"og:description\" content=\"Juristas Gitanos recurre el archivo de la denuncia contra Eduardo Garc\u00eda Serrano\" \/>\n<meta property=\"og:url\" content=\"http:\/\/juristasgitanos.org\/en\/juristas-gitanos-recurre-el-archivo-de-la-denuncia-contra-eduardo-garcia-serrano\/\" \/>\n<meta property=\"og:site_name\" content=\"No Blog Title Set\" \/>\n<meta property=\"article:published_time\" content=\"2021-05-08T07:35:42+00:00\" \/>\n<meta property=\"article:modified_time\" content=\"2021-05-09T08:14:17+00:00\" \/>\n<meta property=\"og:image\" content=\"http:\/\/juristasgitanos.org\/wp-content\/uploads\/2021\/05\/gran-redada-al-pueblo-gitano-scaled-1.jpg\" \/>\n\t<meta property=\"og:image:width\" content=\"2560\" \/>\n\t<meta property=\"og:image:height\" content=\"1918\" \/>\n\t<meta property=\"og:image:type\" content=\"image\/jpeg\" \/>\n<meta name=\"author\" content=\"Juristas Gitanos\" \/>\n<meta name=\"twitter:card\" content=\"summary_large_image\" \/>\n<meta name=\"twitter:title\" content=\"Juristas Gitanos recurre el archivo de la denuncia contra Eduardo Garc\u00eda Serrano\" \/>\n<meta name=\"twitter:description\" content=\"Juristas Gitanos recurre el archivo de la denuncia contra Eduardo Garc\u00eda Serrano\" \/>\n<meta name=\"twitter:image\" content=\"http:\/\/juristasgitanos.org\/wp-content\/uploads\/2021\/05\/gran-redada-al-pueblo-gitano-scaled-1.jpg\" \/>\n<meta name=\"twitter:label1\" content=\"Written by\" \/>\n\t<meta name=\"twitter:data1\" content=\"Juristas Gitanos\" \/>\n\t<meta name=\"twitter:label2\" content=\"Est. reading time\" \/>\n\t<meta name=\"twitter:data2\" content=\"2 minutes\" \/>\n<script type=\"application\/ld+json\" class=\"yoast-schema-graph\">{\"@context\":\"https:\/\/schema.org\",\"@graph\":[{\"@type\":\"Article\",\"@id\":\"http:\/\/juristasgitanos.org\/en\/juristas-gitanos-recurre-el-archivo-de-la-denuncia-contra-eduardo-garcia-serrano\/#article\",\"isPartOf\":{\"@id\":\"http:\/\/juristasgitanos.org\/en\/juristas-gitanos-recurre-el-archivo-de-la-denuncia-contra-eduardo-garcia-serrano\/\"},\"author\":{\"name\":\"Juristas Gitanos\",\"@id\":\"https:\/\/juristasgitanos.org\/#\/schema\/person\/03b3cca45888ec234943e49796cc3d7f\"},\"headline\":\"Juristas Gitanos recurre el archivo de la denuncia contra Eduardo Garc\u00eda Serrano\",\"datePublished\":\"2021-05-08T07:35:42+00:00\",\"dateModified\":\"2021-05-09T08:14:17+00:00\",\"mainEntityOfPage\":{\"@id\":\"http:\/\/juristasgitanos.org\/en\/juristas-gitanos-recurre-el-archivo-de-la-denuncia-contra-eduardo-garcia-serrano\/\"},\"wordCount\":248,\"commentCount\":0,\"publisher\":{\"@id\":\"https:\/\/juristasgitanos.org\/#organization\"},\"image\":{\"@id\":\"http:\/\/juristasgitanos.org\/en\/juristas-gitanos-recurre-el-archivo-de-la-denuncia-contra-eduardo-garcia-serrano\/#primaryimage\"},\"thumbnailUrl\":\"http:\/\/juristasgitanos.org\/wp-content\/uploads\/2021\/03\/Marcos-Santiago.png\",\"keywords\":[\"abogado-gitano\",\"audiencia\",\"eduardo-garcia\",\"gran-redada\",\"marcos-santiago\",\"racismo\",\"recurso\",\"samudaripen\",\"sobreseimiento\"],\"articleSection\":[\"ARTICULOS\",\"COMUNICADO DE PRNSA\"],\"inLanguage\":\"en-US\",\"potentialAction\":[{\"@type\":\"CommentAction\",\"name\":\"Comment\",\"target\":[\"http:\/\/juristasgitanos.org\/en\/juristas-gitanos-recurre-el-archivo-de-la-denuncia-contra-eduardo-garcia-serrano\/#respond\"]}]},{\"@type\":\"WebPage\",\"@id\":\"http:\/\/juristasgitanos.org\/en\/juristas-gitanos-recurre-el-archivo-de-la-denuncia-contra-eduardo-garcia-serrano\/\",\"url\":\"http:\/\/juristasgitanos.org\/en\/juristas-gitanos-recurre-el-archivo-de-la-denuncia-contra-eduardo-garcia-serrano\/\",\"name\":\"Juristas Gitanos recurre el archivo de la denuncia contra Eduardo Garc\u00eda Serrano - No Blog Title Set\",\"isPartOf\":{\"@id\":\"https:\/\/juristasgitanos.org\/#website\"},\"primaryImageOfPage\":{\"@id\":\"http:\/\/juristasgitanos.org\/en\/juristas-gitanos-recurre-el-archivo-de-la-denuncia-contra-eduardo-garcia-serrano\/#primaryimage\"},\"image\":{\"@id\":\"http:\/\/juristasgitanos.org\/en\/juristas-gitanos-recurre-el-archivo-de-la-denuncia-contra-eduardo-garcia-serrano\/#primaryimage\"},\"thumbnailUrl\":\"http:\/\/juristasgitanos.org\/wp-content\/uploads\/2021\/03\/Marcos-Santiago.png\",\"datePublished\":\"2021-05-08T07:35:42+00:00\",\"dateModified\":\"2021-05-09T08:14:17+00:00\",\"breadcrumb\":{\"@id\":\"http:\/\/juristasgitanos.org\/en\/juristas-gitanos-recurre-el-archivo-de-la-denuncia-contra-eduardo-garcia-serrano\/#breadcrumb\"},\"inLanguage\":\"en-US\",\"potentialAction\":[{\"@type\":\"ReadAction\",\"target\":[\"http:\/\/juristasgitanos.org\/en\/juristas-gitanos-recurre-el-archivo-de-la-denuncia-contra-eduardo-garcia-serrano\/\"]}]},{\"@type\":\"ImageObject\",\"inLanguage\":\"en-US\",\"@id\":\"http:\/\/juristasgitanos.org\/en\/juristas-gitanos-recurre-el-archivo-de-la-denuncia-contra-eduardo-garcia-serrano\/#primaryimage\",\"url\":\"http:\/\/juristasgitanos.org\/wp-content\/uploads\/2021\/03\/Marcos-Santiago.png\",\"contentUrl\":\"http:\/\/juristasgitanos.org\/wp-content\/uploads\/2021\/03\/Marcos-Santiago.png\",\"width\":1024,\"height\":960},{\"@type\":\"BreadcrumbList\",\"@id\":\"http:\/\/juristasgitanos.org\/en\/juristas-gitanos-recurre-el-archivo-de-la-denuncia-contra-eduardo-garcia-serrano\/#breadcrumb\",\"itemListElement\":[{\"@type\":\"ListItem\",\"position\":1,\"name\":\"Portada\",\"item\":\"https:\/\/juristasgitanos.org\/\"},{\"@type\":\"ListItem\",\"position\":2,\"name\":\"Juristas Gitanos recurre el archivo de la denuncia contra Eduardo Garc\u00eda Serrano\"}]},{\"@type\":\"WebSite\",\"@id\":\"https:\/\/juristasgitanos.org\/#website\",\"url\":\"https:\/\/juristasgitanos.org\/\",\"name\":\"No Blog Title Set\",\"description\":\"\",\"publisher\":{\"@id\":\"https:\/\/juristasgitanos.org\/#organization\"},\"potentialAction\":[{\"@type\":\"SearchAction\",\"target\":{\"@type\":\"EntryPoint\",\"urlTemplate\":\"https:\/\/juristasgitanos.org\/?s={search_term_string}\"},\"query-input\":\"required name=search_term_string\"}],\"inLanguage\":\"en-US\"},{\"@type\":\"Organization\",\"@id\":\"https:\/\/juristasgitanos.org\/#organization\",\"name\":\"No Blog Title Set\",\"url\":\"https:\/\/juristasgitanos.org\/\",\"logo\":{\"@type\":\"ImageObject\",\"inLanguage\":\"en-US\",\"@id\":\"https:\/\/juristasgitanos.org\/#\/schema\/logo\/image\/\",\"url\":\"http:\/\/juristasgitanos.org\/wp-content\/uploads\/2021\/04\/fb-share-1.jpg\",\"contentUrl\":\"http:\/\/juristasgitanos.org\/wp-content\/uploads\/2021\/04\/fb-share-1.jpg\",\"width\":1044,\"height\":548,\"caption\":\"No Blog Title Set\"},\"image\":{\"@id\":\"https:\/\/juristasgitanos.org\/#\/schema\/logo\/image\/\"},\"sameAs\":[\"https:\/\/api.whatsapp.com\/send?phone=34675931823\"]},{\"@type\":\"Person\",\"@id\":\"https:\/\/juristasgitanos.org\/#\/schema\/person\/03b3cca45888ec234943e49796cc3d7f\",\"name\":\"Juristas Gitanos\",\"image\":{\"@type\":\"ImageObject\",\"inLanguage\":\"en-US\",\"@id\":\"https:\/\/juristasgitanos.org\/#\/schema\/person\/image\/\",\"url\":\"http:\/\/1.gravatar.com\/avatar\/10af6d64b31d2de137091bff621b528c?s=96&d=mm&r=g\",\"contentUrl\":\"http:\/\/1.gravatar.com\/avatar\/10af6d64b31d2de137091bff621b528c?s=96&d=mm&r=g\",\"caption\":\"Juristas Gitanos\"},\"sameAs\":[\"http:\/\/juristasgitanos.org\"],\"url\":\"http:\/\/juristasgitanos.org\/en\/author\/jg\/\"}]}<\/script>\n<!-- \/ Yoast SEO plugin. -->","yoast_head_json":{"title":"Juristas Gitanos recurre el archivo de la denuncia contra Eduardo Garc\u00eda Serrano - No Blog Title Set","robots":{"index":"index","follow":"follow","max-snippet":"max-snippet:-1","max-image-preview":"max-image-preview:large","max-video-preview":"max-video-preview:-1"},"canonical":"http:\/\/juristasgitanos.org\/en\/juristas-gitanos-recurre-el-archivo-de-la-denuncia-contra-eduardo-garcia-serrano\/","og_locale":"en_US","og_type":"article","og_title":"Juristas Gitanos recurre el archivo de la denuncia contra Eduardo Garc\u00eda Serrano","og_description":"Juristas Gitanos recurre el archivo de la denuncia contra Eduardo Garc\u00eda Serrano","og_url":"http:\/\/juristasgitanos.org\/en\/juristas-gitanos-recurre-el-archivo-de-la-denuncia-contra-eduardo-garcia-serrano\/","og_site_name":"No Blog Title Set","article_published_time":"2021-05-08T07:35:42+00:00","article_modified_time":"2021-05-09T08:14:17+00:00","og_image":[{"width":2560,"height":1918,"url":"http:\/\/juristasgitanos.org\/wp-content\/uploads\/2021\/05\/gran-redada-al-pueblo-gitano-scaled-1.jpg","type":"image\/jpeg"}],"author":"Juristas Gitanos","twitter_card":"summary_large_image","twitter_title":"Juristas Gitanos recurre el archivo de la denuncia contra Eduardo Garc\u00eda Serrano","twitter_description":"Juristas Gitanos recurre el archivo de la denuncia contra Eduardo Garc\u00eda Serrano","twitter_image":"http:\/\/juristasgitanos.org\/wp-content\/uploads\/2021\/05\/gran-redada-al-pueblo-gitano-scaled-1.jpg","twitter_misc":{"Written by":"Juristas Gitanos","Est. reading time":"2 minutes"},"schema":{"@context":"https:\/\/schema.org","@graph":[{"@type":"Article","@id":"http:\/\/juristasgitanos.org\/en\/juristas-gitanos-recurre-el-archivo-de-la-denuncia-contra-eduardo-garcia-serrano\/#article","isPartOf":{"@id":"http:\/\/juristasgitanos.org\/en\/juristas-gitanos-recurre-el-archivo-de-la-denuncia-contra-eduardo-garcia-serrano\/"},"author":{"name":"Juristas Gitanos","@id":"https:\/\/juristasgitanos.org\/#\/schema\/person\/03b3cca45888ec234943e49796cc3d7f"},"headline":"Juristas Gitanos recurre el archivo de la denuncia contra Eduardo Garc\u00eda Serrano","datePublished":"2021-05-08T07:35:42+00:00","dateModified":"2021-05-09T08:14:17+00:00","mainEntityOfPage":{"@id":"http:\/\/juristasgitanos.org\/en\/juristas-gitanos-recurre-el-archivo-de-la-denuncia-contra-eduardo-garcia-serrano\/"},"wordCount":248,"commentCount":0,"publisher":{"@id":"https:\/\/juristasgitanos.org\/#organization"},"image":{"@id":"http:\/\/juristasgitanos.org\/en\/juristas-gitanos-recurre-el-archivo-de-la-denuncia-contra-eduardo-garcia-serrano\/#primaryimage"},"thumbnailUrl":"http:\/\/juristasgitanos.org\/wp-content\/uploads\/2021\/03\/Marcos-Santiago.png","keywords":["abogado-gitano","audiencia","eduardo-garcia","gran-redada","marcos-santiago","racismo","recurso","samudaripen","sobreseimiento"],"articleSection":["ARTICULOS","COMUNICADO DE PRNSA"],"inLanguage":"en-US","potentialAction":[{"@type":"CommentAction","name":"Comment","target":["http:\/\/juristasgitanos.org\/en\/juristas-gitanos-recurre-el-archivo-de-la-denuncia-contra-eduardo-garcia-serrano\/#respond"]}]},{"@type":"WebPage","@id":"http:\/\/juristasgitanos.org\/en\/juristas-gitanos-recurre-el-archivo-de-la-denuncia-contra-eduardo-garcia-serrano\/","url":"http:\/\/juristasgitanos.org\/en\/juristas-gitanos-recurre-el-archivo-de-la-denuncia-contra-eduardo-garcia-serrano\/","name":"Juristas Gitanos recurre el archivo de la denuncia contra Eduardo Garc\u00eda Serrano - No Blog Title Set","isPartOf":{"@id":"https:\/\/juristasgitanos.org\/#website"},"primaryImageOfPage":{"@id":"http:\/\/juristasgitanos.org\/en\/juristas-gitanos-recurre-el-archivo-de-la-denuncia-contra-eduardo-garcia-serrano\/#primaryimage"},"image":{"@id":"http:\/\/juristasgitanos.org\/en\/juristas-gitanos-recurre-el-archivo-de-la-denuncia-contra-eduardo-garcia-serrano\/#primaryimage"},"thumbnailUrl":"http:\/\/juristasgitanos.org\/wp-content\/uploads\/2021\/03\/Marcos-Santiago.png","datePublished":"2021-05-08T07:35:42+00:00","dateModified":"2021-05-09T08:14:17+00:00","breadcrumb":{"@id":"http:\/\/juristasgitanos.org\/en\/juristas-gitanos-recurre-el-archivo-de-la-denuncia-contra-eduardo-garcia-serrano\/#breadcrumb"},"inLanguage":"en-US","potentialAction":[{"@type":"ReadAction","target":["http:\/\/juristasgitanos.org\/en\/juristas-gitanos-recurre-el-archivo-de-la-denuncia-contra-eduardo-garcia-serrano\/"]}]},{"@type":"ImageObject","inLanguage":"en-US","@id":"http:\/\/juristasgitanos.org\/en\/juristas-gitanos-recurre-el-archivo-de-la-denuncia-contra-eduardo-garcia-serrano\/#primaryimage","url":"http:\/\/juristasgitanos.org\/wp-content\/uploads\/2021\/03\/Marcos-Santiago.png","contentUrl":"http:\/\/juristasgitanos.org\/wp-content\/uploads\/2021\/03\/Marcos-Santiago.png","width":1024,"height":960},{"@type":"BreadcrumbList","@id":"http:\/\/juristasgitanos.org\/en\/juristas-gitanos-recurre-el-archivo-de-la-denuncia-contra-eduardo-garcia-serrano\/#breadcrumb","itemListElement":[{"@type":"ListItem","position":1,"name":"Portada","item":"https:\/\/juristasgitanos.org\/"},{"@type":"ListItem","position":2,"name":"Juristas Gitanos recurre el archivo de la denuncia contra Eduardo Garc\u00eda Serrano"}]},{"@type":"WebSite","@id":"https:\/\/juristasgitanos.org\/#website","url":"https:\/\/juristasgitanos.org\/","name":"No Blog Title Set","description":"","publisher":{"@id":"https:\/\/juristasgitanos.org\/#organization"},"potentialAction":[{"@type":"SearchAction","target":{"@type":"EntryPoint","urlTemplate":"https:\/\/juristasgitanos.org\/?s={search_term_string}"},"query-input":"required name=search_term_string"}],"inLanguage":"en-US"},{"@type":"Organization","@id":"https:\/\/juristasgitanos.org\/#organization","name":"No Blog Title Set","url":"https:\/\/juristasgitanos.org\/","logo":{"@type":"ImageObject","inLanguage":"en-US","@id":"https:\/\/juristasgitanos.org\/#\/schema\/logo\/image\/","url":"http:\/\/juristasgitanos.org\/wp-content\/uploads\/2021\/04\/fb-share-1.jpg","contentUrl":"http:\/\/juristasgitanos.org\/wp-content\/uploads\/2021\/04\/fb-share-1.jpg","width":1044,"height":548,"caption":"No Blog Title Set"},"image":{"@id":"https:\/\/juristasgitanos.org\/#\/schema\/logo\/image\/"},"sameAs":["https:\/\/api.whatsapp.com\/send?phone=34675931823"]},{"@type":"Person","@id":"https:\/\/juristasgitanos.org\/#\/schema\/person\/03b3cca45888ec234943e49796cc3d7f","name":"Juristas Gitanos","image":{"@type":"ImageObject","inLanguage":"en-US","@id":"https:\/\/juristasgitanos.org\/#\/schema\/person\/image\/","url":"http:\/\/1.gravatar.com\/avatar\/10af6d64b31d2de137091bff621b528c?s=96&d=mm&r=g","contentUrl":"http:\/\/1.gravatar.com\/avatar\/10af6d64b31d2de137091bff621b528c?s=96&d=mm&r=g","caption":"Juristas Gitanos"},"sameAs":["http:\/\/juristasgitanos.org"],"url":"http:\/\/juristasgitanos.org\/en\/author\/jg\/"}]}},"_links":{"self":[{"href":"http:\/\/juristasgitanos.org\/en\/wp-json\/wp\/v2\/posts\/1507"}],"collection":[{"href":"http:\/\/juristasgitanos.org\/en\/wp-json\/wp\/v2\/posts"}],"about":[{"href":"http:\/\/juristasgitanos.org\/en\/wp-json\/wp\/v2\/types\/post"}],"author":[{"embeddable":true,"href":"http:\/\/juristasgitanos.org\/en\/wp-json\/wp\/v2\/users\/11"}],"replies":[{"embeddable":true,"href":"http:\/\/juristasgitanos.org\/en\/wp-json\/wp\/v2\/comments?post=1507"}],"version-history":[{"count":0,"href":"http:\/\/juristasgitanos.org\/en\/wp-json\/wp\/v2\/posts\/1507\/revisions"}],"wp:featuredmedia":[{"embeddable":true,"href":"http:\/\/juristasgitanos.org\/en\/wp-json\/wp\/v2\/media\/1356"}],"wp:attachment":[{"href":"http:\/\/juristasgitanos.org\/en\/wp-json\/wp\/v2\/media?parent=1507"}],"wp:term":[{"taxonomy":"category","embeddable":true,"href":"http:\/\/juristasgitanos.org\/en\/wp-json\/wp\/v2\/categories?post=1507"},{"taxonomy":"post_tag","embeddable":true,"href":"http:\/\/juristasgitanos.org\/en\/wp-json\/wp\/v2\/tags?post=1507"}],"curies":[{"name":"wp","href":"https:\/\/api.w.org\/{rel}","templated":true}]}}