{"id":1431,"date":"2021-03-30T07:27:56","date_gmt":"2021-03-30T07:27:56","guid":{"rendered":"http:\/\/juristasgitanos.org\/?p=1431"},"modified":"2021-03-30T07:33:15","modified_gmt":"2021-03-30T07:33:15","slug":"juristas-gitanos-mantiene-abierto-el-proceso-del-caso-daniel","status":"publish","type":"post","link":"http:\/\/juristasgitanos.org\/en\/juristas-gitanos-mantiene-abierto-el-proceso-del-caso-daniel\/","title":{"rendered":"Juristas Gitanos mantiene abierto el proceso del Caso Daniel"},"content":{"rendered":"<p id=\"block-bf0c7dd6-5b82-4fc4-aecc-f8e0a040617a\"><strong><strong>Ante la propuesta de sobreseimiento de la jueza, Juristas Gitanos mantiene abierto el proceso del Caso Daniel con el objetivo de esclarecer los hechos y dirimir responsabilidades.<\/strong><\/strong><\/p>\n\n\n\n<p>El Juzgado de Instrucci\u00f3n n\u00ba4 de Algeciras ha desestimado el recurso de reforma que presentamos ante su propuesta de sobreseimiento y archivo del caso de <strong>Daniel Jim\u00e9nez<\/strong>, el joven gitano que falleci\u00f3 el pasado 1 de Junio en la comisar\u00eda de Algeciras en extra\u00f1as circunstancias y cuya defensa legal, como sab\u00e9is, asumimos desde Juristas Gitanos.&nbsp;<\/p>\n\n\n\n<p>Este es el cuarto intento de archivo de la jueza que instruye el asunto. El primero, se dio <strong>sin argumento jur\u00eddico alguno y sin aceptar ninguna de las diligencias solicitadas por nuestros abogados<\/strong>. Es inadmisible que una muerte en comisar\u00eda, que nunca debi\u00f3 de producirse, se cierre como un mero tr\u00e1mite. Y menos a\u00fan cuando solo unos meses antes se hab\u00eda dado en ese mismo lugar y en exactas circunstancias, supuestamente, la muerte de otro joven. Obviamente recurrimos ese archivo.<\/p>\n\n\n\n<p>M\u00e1s tarde, tras facilitarse a la acusaci\u00f3n el informe forense -incompleto- y ponerse a nuestra disposici\u00f3n las grabaciones de seguridad de la comisar\u00eda, se volvi\u00f3 a proponer el archivo provisional. Sin tiempo siquiera para ver ni estudiar las im\u00e1genes, se nos inst\u00f3 a pronunciarnos sobre el auto de archivo en un plazo de 24 horas y se nos exigi\u00f3 adem\u00e1s, como acusaci\u00f3n popular, la prestaci\u00f3n de 2.000 euros de cauci\u00f3n para seguir adelante con el asunto. Cabe decir que esto no es habitual. A pesar del nuevo intento de la jueza de cerrar el caso por la v\u00eda r\u00e1pida, se pag\u00f3 la fianza y seguimos adelante.&nbsp;<\/p>\n\n\n\n<p>Despu\u00e9s de varios meses de espera, y sin recibir nunca respuesta alguna del juzgado acerca de la solicitud de diligencias por parte de los abogados, se resolvi\u00f3, otra vez, el archivo del asunto. Sin tomar declaraci\u00f3n a los agentes implicados, ni a los otros detenidos que fueron testigos de los hechos, ni a la m\u00e9dico forense, y sin haberse facilitado las fotograf\u00edas del informe forense ni los registros de comisar\u00eda de esa fat\u00eddica noche. Por este motivo, y siendo que las im\u00e1genes de las grabaciones no eran nada concluyentes, recurrimos de nuevo el auto de archivo por considerar que <strong>no se realiz\u00f3 debidamente la instrucci\u00f3n del asunto, vulner\u00e1ndose as\u00ed el derecho de tutela judicial efectiva<\/strong>.&nbsp;<\/p>\n\n\n\n<p>Ahora se ha vuelto a desestimar el recurso de reforma, dando tr\u00e1mite al fiscal y abriendo la puerta a la Audiencia Provincial para que resuelva el <strong>recurso en apelaci\u00f3n<\/strong>. A pesar de todo, se mantiene abierto el proceso y firme nuestra decisi\u00f3n de agotar todas las v\u00edas legales a nuestro alcance a fin de esclarecer lo sucedido y dirimir responsabilidades, si las hubiese.&nbsp;<\/p>\n\n\n\n<p>Agradecemos la ayuda y el apoyo de todas las personas y organizaciones que hab\u00e9is alzado vuestra voz durante estos meses en redes sociales. Vuestra labor es muy valiosa. Y por supuesto, queremos agradecer el trabajo, la profesionalidad y el compromiso de los abogados que est\u00e1n liderando esta causa, <strong>Manuel Reyes Reyes<\/strong>, como acusaci\u00f3n particular en nombre de la familia, y <strong>Luis Mendoza Carmona<\/strong>, como acusaci\u00f3n popular en representaci\u00f3n de Juristas Gitanos.&nbsp;<\/p>\n\n\n\n<div class=\"wp-block-image\"><figure class=\"aligncenter size-large\"><img loading=\"lazy\" decoding=\"async\" width=\"421\" height=\"117\" src=\"http:\/\/juristasgitanos.org\/wp-content\/uploads\/2020\/11\/Logo3i1.png\" alt=\"\" class=\"wp-image-101\" srcset=\"http:\/\/juristasgitanos.org\/wp-content\/uploads\/2020\/11\/Logo3i1.png 421w, http:\/\/juristasgitanos.org\/wp-content\/uploads\/2020\/11\/Logo3i1-300x83.png 300w, http:\/\/juristasgitanos.org\/wp-content\/uploads\/2020\/11\/Logo3i1-260x72.png 260w, http:\/\/juristasgitanos.org\/wp-content\/uploads\/2020\/11\/Logo3i1-50x14.png 50w, http:\/\/juristasgitanos.org\/wp-content\/uploads\/2020\/11\/Logo3i1-150x42.png 150w\" sizes=\"(max-width:767px) 421px, 421px\" \/><\/figure><\/div>","protected":false},"excerpt":{"rendered":"<p>Ante la propuesta de sobreseimiento de la jueza, Juristas Gitanos mantiene abierto el proceso del Caso Daniel con el objetivo de esclarecer los hechos y dirimir<span class=\"excerpt-hellip\"> [\u2026]<\/span><\/p>\n","protected":false},"author":11,"featured_media":904,"comment_status":"open","ping_status":"closed","sticky":false,"template":"","format":"standard","meta":{"_bbp_topic_count":0,"_bbp_reply_count":0,"_bbp_total_topic_count":0,"_bbp_total_reply_count":0,"_bbp_voice_count":0,"_bbp_anonymous_reply_count":0,"_bbp_topic_count_hidden":0,"_bbp_reply_count_hidden":0,"_bbp_forum_subforum_count":0,"footnotes":""},"categories":[9,7],"tags":[13,43,39,54,53,45],"yoast_head":"<!-- This site is optimized with the Yoast SEO plugin v22.4 - https:\/\/yoast.com\/wordpress\/plugins\/seo\/ -->\n<title>Juristas Gitanos mantiene abierto el proceso del Caso Daniel - No Blog Title Set<\/title>\n<meta name=\"robots\" content=\"index, follow, max-snippet:-1, max-image-preview:large, max-video-preview:-1\" \/>\n<link rel=\"canonical\" href=\"https:\/\/juristasgitanos.org\/en\/juristas-gitanos-mantiene-abierto-el-proceso-del-caso-daniel\/\" \/>\n<meta property=\"og:locale\" content=\"en_US\" \/>\n<meta property=\"og:type\" content=\"article\" \/>\n<meta property=\"og:title\" content=\"Juristas Gitanos mantiene abierto el proceso del Caso Daniel - No Blog Title Set\" \/>\n<meta property=\"og:description\" content=\"Ante la propuesta de sobreseimiento de la jueza, Juristas Gitanos mantiene abierto el proceso del Caso Daniel con el objetivo de esclarecer los hechos y dirimir [\u2026]\" \/>\n<meta property=\"og:url\" content=\"https:\/\/juristasgitanos.org\/en\/juristas-gitanos-mantiene-abierto-el-proceso-del-caso-daniel\/\" \/>\n<meta property=\"og:site_name\" content=\"No Blog Title Set\" \/>\n<meta property=\"article:published_time\" content=\"2021-03-30T07:27:56+00:00\" \/>\n<meta property=\"article:modified_time\" content=\"2021-03-30T07:33:15+00:00\" \/>\n<meta property=\"og:image\" content=\"https:\/\/juristasgitanos.org\/wp-content\/uploads\/2021\/03\/articulos-829508.jpg\" \/>\n\t<meta property=\"og:image:width\" content=\"1400\" \/>\n\t<meta property=\"og:image:height\" content=\"786\" \/>\n\t<meta property=\"og:image:type\" content=\"image\/jpeg\" \/>\n<meta name=\"author\" content=\"Juristas Gitanos\" \/>\n<meta name=\"twitter:card\" content=\"summary_large_image\" \/>\n<meta name=\"twitter:label1\" content=\"Written by\" \/>\n\t<meta name=\"twitter:data1\" content=\"Juristas Gitanos\" \/>\n\t<meta name=\"twitter:label2\" content=\"Est. reading time\" \/>\n\t<meta name=\"twitter:data2\" content=\"3 minutes\" \/>\n<script type=\"application\/ld+json\" class=\"yoast-schema-graph\">{\"@context\":\"https:\/\/schema.org\",\"@graph\":[{\"@type\":\"Article\",\"@id\":\"https:\/\/juristasgitanos.org\/en\/juristas-gitanos-mantiene-abierto-el-proceso-del-caso-daniel\/#article\",\"isPartOf\":{\"@id\":\"https:\/\/juristasgitanos.org\/en\/juristas-gitanos-mantiene-abierto-el-proceso-del-caso-daniel\/\"},\"author\":{\"name\":\"Juristas Gitanos\",\"@id\":\"http:\/\/juristasgitanos.org\/en\/#\/schema\/person\/03b3cca45888ec234943e49796cc3d7f\"},\"headline\":\"Juristas Gitanos mantiene abierto el proceso del Caso Daniel\",\"datePublished\":\"2021-03-30T07:27:56+00:00\",\"dateModified\":\"2021-03-30T07:33:15+00:00\",\"mainEntityOfPage\":{\"@id\":\"https:\/\/juristasgitanos.org\/en\/juristas-gitanos-mantiene-abierto-el-proceso-del-caso-daniel\/\"},\"wordCount\":567,\"commentCount\":2,\"publisher\":{\"@id\":\"http:\/\/juristasgitanos.org\/en\/#organization\"},\"image\":{\"@id\":\"https:\/\/juristasgitanos.org\/en\/juristas-gitanos-mantiene-abierto-el-proceso-del-caso-daniel\/#primaryimage\"},\"thumbnailUrl\":\"http:\/\/juristasgitanos.org\/wp-content\/uploads\/2021\/03\/articulos-829508.jpg\",\"keywords\":[\"abogado-gitano\",\"Caso-Daniel-Jimenez\",\"comunicado-de-prensa\",\"luis-mendoza\",\"manuel-reyes\",\"muerte\"],\"articleSection\":[\"COMUNICADO DE PRNSA\",\"NOTICIAS\"],\"inLanguage\":\"en-US\",\"potentialAction\":[{\"@type\":\"CommentAction\",\"name\":\"Comment\",\"target\":[\"https:\/\/juristasgitanos.org\/en\/juristas-gitanos-mantiene-abierto-el-proceso-del-caso-daniel\/#respond\"]}]},{\"@type\":\"WebPage\",\"@id\":\"https:\/\/juristasgitanos.org\/en\/juristas-gitanos-mantiene-abierto-el-proceso-del-caso-daniel\/\",\"url\":\"https:\/\/juristasgitanos.org\/en\/juristas-gitanos-mantiene-abierto-el-proceso-del-caso-daniel\/\",\"name\":\"Juristas Gitanos mantiene abierto el proceso del Caso Daniel - No Blog Title Set\",\"isPartOf\":{\"@id\":\"http:\/\/juristasgitanos.org\/en\/#website\"},\"primaryImageOfPage\":{\"@id\":\"https:\/\/juristasgitanos.org\/en\/juristas-gitanos-mantiene-abierto-el-proceso-del-caso-daniel\/#primaryimage\"},\"image\":{\"@id\":\"https:\/\/juristasgitanos.org\/en\/juristas-gitanos-mantiene-abierto-el-proceso-del-caso-daniel\/#primaryimage\"},\"thumbnailUrl\":\"http:\/\/juristasgitanos.org\/wp-content\/uploads\/2021\/03\/articulos-829508.jpg\",\"datePublished\":\"2021-03-30T07:27:56+00:00\",\"dateModified\":\"2021-03-30T07:33:15+00:00\",\"breadcrumb\":{\"@id\":\"https:\/\/juristasgitanos.org\/en\/juristas-gitanos-mantiene-abierto-el-proceso-del-caso-daniel\/#breadcrumb\"},\"inLanguage\":\"en-US\",\"potentialAction\":[{\"@type\":\"ReadAction\",\"target\":[\"https:\/\/juristasgitanos.org\/en\/juristas-gitanos-mantiene-abierto-el-proceso-del-caso-daniel\/\"]}]},{\"@type\":\"ImageObject\",\"inLanguage\":\"en-US\",\"@id\":\"https:\/\/juristasgitanos.org\/en\/juristas-gitanos-mantiene-abierto-el-proceso-del-caso-daniel\/#primaryimage\",\"url\":\"http:\/\/juristasgitanos.org\/wp-content\/uploads\/2021\/03\/articulos-829508.jpg\",\"contentUrl\":\"http:\/\/juristasgitanos.org\/wp-content\/uploads\/2021\/03\/articulos-829508.jpg\",\"width\":1400,\"height\":786},{\"@type\":\"BreadcrumbList\",\"@id\":\"https:\/\/juristasgitanos.org\/en\/juristas-gitanos-mantiene-abierto-el-proceso-del-caso-daniel\/#breadcrumb\",\"itemListElement\":[{\"@type\":\"ListItem\",\"position\":1,\"name\":\"Portada\",\"item\":\"http:\/\/juristasgitanos.org\/en\/\"},{\"@type\":\"ListItem\",\"position\":2,\"name\":\"Juristas Gitanos mantiene abierto el proceso del Caso Daniel\"}]},{\"@type\":\"WebSite\",\"@id\":\"http:\/\/juristasgitanos.org\/en\/#website\",\"url\":\"http:\/\/juristasgitanos.org\/en\/\",\"name\":\"No Blog Title Set\",\"description\":\"\",\"publisher\":{\"@id\":\"http:\/\/juristasgitanos.org\/en\/#organization\"},\"potentialAction\":[{\"@type\":\"SearchAction\",\"target\":{\"@type\":\"EntryPoint\",\"urlTemplate\":\"http:\/\/juristasgitanos.org\/en\/?s={search_term_string}\"},\"query-input\":\"required name=search_term_string\"}],\"inLanguage\":\"en-US\"},{\"@type\":\"Organization\",\"@id\":\"http:\/\/juristasgitanos.org\/en\/#organization\",\"name\":\"No Blog Title Set\",\"url\":\"http:\/\/juristasgitanos.org\/en\/\",\"logo\":{\"@type\":\"ImageObject\",\"inLanguage\":\"en-US\",\"@id\":\"http:\/\/juristasgitanos.org\/en\/#\/schema\/logo\/image\/\",\"url\":\"http:\/\/juristasgitanos.org\/wp-content\/uploads\/2021\/04\/fb-share-1.jpg\",\"contentUrl\":\"http:\/\/juristasgitanos.org\/wp-content\/uploads\/2021\/04\/fb-share-1.jpg\",\"width\":1044,\"height\":548,\"caption\":\"No Blog Title Set\"},\"image\":{\"@id\":\"http:\/\/juristasgitanos.org\/en\/#\/schema\/logo\/image\/\"},\"sameAs\":[\"https:\/\/api.whatsapp.com\/send?phone=34675931823\"]},{\"@type\":\"Person\",\"@id\":\"http:\/\/juristasgitanos.org\/en\/#\/schema\/person\/03b3cca45888ec234943e49796cc3d7f\",\"name\":\"Juristas Gitanos\",\"image\":{\"@type\":\"ImageObject\",\"inLanguage\":\"en-US\",\"@id\":\"http:\/\/juristasgitanos.org\/en\/#\/schema\/person\/image\/\",\"url\":\"http:\/\/1.gravatar.com\/avatar\/10af6d64b31d2de137091bff621b528c?s=96&d=mm&r=g\",\"contentUrl\":\"http:\/\/1.gravatar.com\/avatar\/10af6d64b31d2de137091bff621b528c?s=96&d=mm&r=g\",\"caption\":\"Juristas Gitanos\"},\"sameAs\":[\"http:\/\/juristasgitanos.org\"],\"url\":\"http:\/\/juristasgitanos.org\/en\/author\/jg\/\"}]}<\/script>\n<!-- \/ Yoast SEO plugin. -->","yoast_head_json":{"title":"Juristas Gitanos mantiene abierto el proceso del Caso Daniel - No Blog Title Set","robots":{"index":"index","follow":"follow","max-snippet":"max-snippet:-1","max-image-preview":"max-image-preview:large","max-video-preview":"max-video-preview:-1"},"canonical":"https:\/\/juristasgitanos.org\/en\/juristas-gitanos-mantiene-abierto-el-proceso-del-caso-daniel\/","og_locale":"en_US","og_type":"article","og_title":"Juristas Gitanos mantiene abierto el proceso del Caso Daniel - No Blog Title Set","og_description":"Ante la propuesta de sobreseimiento de la jueza, Juristas Gitanos mantiene abierto el proceso del Caso Daniel con el objetivo de esclarecer los hechos y dirimir [\u2026]","og_url":"https:\/\/juristasgitanos.org\/en\/juristas-gitanos-mantiene-abierto-el-proceso-del-caso-daniel\/","og_site_name":"No Blog Title Set","article_published_time":"2021-03-30T07:27:56+00:00","article_modified_time":"2021-03-30T07:33:15+00:00","og_image":[{"width":1400,"height":786,"url":"https:\/\/juristasgitanos.org\/wp-content\/uploads\/2021\/03\/articulos-829508.jpg","type":"image\/jpeg"}],"author":"Juristas Gitanos","twitter_card":"summary_large_image","twitter_misc":{"Written by":"Juristas Gitanos","Est. reading time":"3 minutes"},"schema":{"@context":"https:\/\/schema.org","@graph":[{"@type":"Article","@id":"https:\/\/juristasgitanos.org\/en\/juristas-gitanos-mantiene-abierto-el-proceso-del-caso-daniel\/#article","isPartOf":{"@id":"https:\/\/juristasgitanos.org\/en\/juristas-gitanos-mantiene-abierto-el-proceso-del-caso-daniel\/"},"author":{"name":"Juristas Gitanos","@id":"http:\/\/juristasgitanos.org\/en\/#\/schema\/person\/03b3cca45888ec234943e49796cc3d7f"},"headline":"Juristas Gitanos mantiene abierto el proceso del Caso Daniel","datePublished":"2021-03-30T07:27:56+00:00","dateModified":"2021-03-30T07:33:15+00:00","mainEntityOfPage":{"@id":"https:\/\/juristasgitanos.org\/en\/juristas-gitanos-mantiene-abierto-el-proceso-del-caso-daniel\/"},"wordCount":567,"commentCount":2,"publisher":{"@id":"http:\/\/juristasgitanos.org\/en\/#organization"},"image":{"@id":"https:\/\/juristasgitanos.org\/en\/juristas-gitanos-mantiene-abierto-el-proceso-del-caso-daniel\/#primaryimage"},"thumbnailUrl":"http:\/\/juristasgitanos.org\/wp-content\/uploads\/2021\/03\/articulos-829508.jpg","keywords":["abogado-gitano","Caso-Daniel-Jimenez","comunicado-de-prensa","luis-mendoza","manuel-reyes","muerte"],"articleSection":["COMUNICADO DE PRNSA","NOTICIAS"],"inLanguage":"en-US","potentialAction":[{"@type":"CommentAction","name":"Comment","target":["https:\/\/juristasgitanos.org\/en\/juristas-gitanos-mantiene-abierto-el-proceso-del-caso-daniel\/#respond"]}]},{"@type":"WebPage","@id":"https:\/\/juristasgitanos.org\/en\/juristas-gitanos-mantiene-abierto-el-proceso-del-caso-daniel\/","url":"https:\/\/juristasgitanos.org\/en\/juristas-gitanos-mantiene-abierto-el-proceso-del-caso-daniel\/","name":"Juristas Gitanos mantiene abierto el proceso del Caso Daniel - No Blog Title Set","isPartOf":{"@id":"http:\/\/juristasgitanos.org\/en\/#website"},"primaryImageOfPage":{"@id":"https:\/\/juristasgitanos.org\/en\/juristas-gitanos-mantiene-abierto-el-proceso-del-caso-daniel\/#primaryimage"},"image":{"@id":"https:\/\/juristasgitanos.org\/en\/juristas-gitanos-mantiene-abierto-el-proceso-del-caso-daniel\/#primaryimage"},"thumbnailUrl":"http:\/\/juristasgitanos.org\/wp-content\/uploads\/2021\/03\/articulos-829508.jpg","datePublished":"2021-03-30T07:27:56+00:00","dateModified":"2021-03-30T07:33:15+00:00","breadcrumb":{"@id":"https:\/\/juristasgitanos.org\/en\/juristas-gitanos-mantiene-abierto-el-proceso-del-caso-daniel\/#breadcrumb"},"inLanguage":"en-US","potentialAction":[{"@type":"ReadAction","target":["https:\/\/juristasgitanos.org\/en\/juristas-gitanos-mantiene-abierto-el-proceso-del-caso-daniel\/"]}]},{"@type":"ImageObject","inLanguage":"en-US","@id":"https:\/\/juristasgitanos.org\/en\/juristas-gitanos-mantiene-abierto-el-proceso-del-caso-daniel\/#primaryimage","url":"http:\/\/juristasgitanos.org\/wp-content\/uploads\/2021\/03\/articulos-829508.jpg","contentUrl":"http:\/\/juristasgitanos.org\/wp-content\/uploads\/2021\/03\/articulos-829508.jpg","width":1400,"height":786},{"@type":"BreadcrumbList","@id":"https:\/\/juristasgitanos.org\/en\/juristas-gitanos-mantiene-abierto-el-proceso-del-caso-daniel\/#breadcrumb","itemListElement":[{"@type":"ListItem","position":1,"name":"Portada","item":"http:\/\/juristasgitanos.org\/en\/"},{"@type":"ListItem","position":2,"name":"Juristas Gitanos mantiene abierto el proceso del Caso Daniel"}]},{"@type":"WebSite","@id":"http:\/\/juristasgitanos.org\/en\/#website","url":"http:\/\/juristasgitanos.org\/en\/","name":"No Blog Title Set","description":"","publisher":{"@id":"http:\/\/juristasgitanos.org\/en\/#organization"},"potentialAction":[{"@type":"SearchAction","target":{"@type":"EntryPoint","urlTemplate":"http:\/\/juristasgitanos.org\/en\/?s={search_term_string}"},"query-input":"required name=search_term_string"}],"inLanguage":"en-US"},{"@type":"Organization","@id":"http:\/\/juristasgitanos.org\/en\/#organization","name":"No Blog Title Set","url":"http:\/\/juristasgitanos.org\/en\/","logo":{"@type":"ImageObject","inLanguage":"en-US","@id":"http:\/\/juristasgitanos.org\/en\/#\/schema\/logo\/image\/","url":"http:\/\/juristasgitanos.org\/wp-content\/uploads\/2021\/04\/fb-share-1.jpg","contentUrl":"http:\/\/juristasgitanos.org\/wp-content\/uploads\/2021\/04\/fb-share-1.jpg","width":1044,"height":548,"caption":"No Blog Title Set"},"image":{"@id":"http:\/\/juristasgitanos.org\/en\/#\/schema\/logo\/image\/"},"sameAs":["https:\/\/api.whatsapp.com\/send?phone=34675931823"]},{"@type":"Person","@id":"http:\/\/juristasgitanos.org\/en\/#\/schema\/person\/03b3cca45888ec234943e49796cc3d7f","name":"Juristas Gitanos","image":{"@type":"ImageObject","inLanguage":"en-US","@id":"http:\/\/juristasgitanos.org\/en\/#\/schema\/person\/image\/","url":"http:\/\/1.gravatar.com\/avatar\/10af6d64b31d2de137091bff621b528c?s=96&d=mm&r=g","contentUrl":"http:\/\/1.gravatar.com\/avatar\/10af6d64b31d2de137091bff621b528c?s=96&d=mm&r=g","caption":"Juristas Gitanos"},"sameAs":["http:\/\/juristasgitanos.org"],"url":"http:\/\/juristasgitanos.org\/en\/author\/jg\/"}]}},"_links":{"self":[{"href":"http:\/\/juristasgitanos.org\/en\/wp-json\/wp\/v2\/posts\/1431"}],"collection":[{"href":"http:\/\/juristasgitanos.org\/en\/wp-json\/wp\/v2\/posts"}],"about":[{"href":"http:\/\/juristasgitanos.org\/en\/wp-json\/wp\/v2\/types\/post"}],"author":[{"embeddable":true,"href":"http:\/\/juristasgitanos.org\/en\/wp-json\/wp\/v2\/users\/11"}],"replies":[{"embeddable":true,"href":"http:\/\/juristasgitanos.org\/en\/wp-json\/wp\/v2\/comments?post=1431"}],"version-history":[{"count":0,"href":"http:\/\/juristasgitanos.org\/en\/wp-json\/wp\/v2\/posts\/1431\/revisions"}],"wp:featuredmedia":[{"embeddable":true,"href":"http:\/\/juristasgitanos.org\/en\/wp-json\/wp\/v2\/media\/904"}],"wp:attachment":[{"href":"http:\/\/juristasgitanos.org\/en\/wp-json\/wp\/v2\/media?parent=1431"}],"wp:term":[{"taxonomy":"category","embeddable":true,"href":"http:\/\/juristasgitanos.org\/en\/wp-json\/wp\/v2\/categories?post=1431"},{"taxonomy":"post_tag","embeddable":true,"href":"http:\/\/juristasgitanos.org\/en\/wp-json\/wp\/v2\/tags?post=1431"}],"curies":[{"name":"wp","href":"https:\/\/api.w.org\/{rel}","templated":true}]}}