{"id":1236,"date":"2021-03-19T17:52:53","date_gmt":"2021-03-19T17:52:53","guid":{"rendered":"http:\/\/juristasgitanos.org\/?p=1236"},"modified":"2021-03-19T19:28:27","modified_gmt":"2021-03-19T19:28:27","slug":"cese-de-desahucios-durante-el-estado-de-alarma","status":"publish","type":"post","link":"http:\/\/juristasgitanos.org\/en\/cese-de-desahucios-durante-el-estado-de-alarma\/","title":{"rendered":"Cese de desahucios durante el Estado de Alarma"},"content":{"rendered":"<h5 class=\"wp-block-heading\">En aras de colaborar con las familias, se han acordado nuevas medidas dirigidas a frenar el impacto econ\u00f3mico de la Covid-19. Para ello, se ha promulgado el <strong><a href=\"https:\/\/www.boe.es\/buscar\/doc.php?id=BOE-A-2020-4208\">Real Decreto-ley 11\/2020, de 31 de marzo<\/a><\/strong> donde se recogen distintas actuaciones. Sin embargo, una de las que m\u00e1s inter\u00e9s suscita es la relacionada con el cese de desahucios durante el estado de alarma.<\/h5>\n\n\n\n<p>El <strong>art\u00edculo primero<\/strong> de la mencionada legislaci\u00f3n pretend\u00eda dar soluci\u00f3n a la petici\u00f3n de los arrendadores para recuperar su propiedad alquilada. Dicho art\u00edculo ha sido varias veces modificado y en este post vamos a hablar de su \u00faltima modificaci\u00f3n prevista en el <strong><a href=\"https:\/\/www.boe.es\/diario_boe\/txt.php?id=BOE-A-2020-16824\">Real Decreto-Ley 37\/2020 de 22 de diciembre<\/a>.<\/strong><\/p>\n\n\n\n<p>El art\u00edculo 1 es concerniente a la paralizaci\u00f3n de los procedimientos de desahucios mientras concurra el plazo de vigencia del Estado de Alarma, que tendr\u00e1 fin, salvo pr\u00f3rrogas, el d\u00eda <strong>9 de mayo de 2021<\/strong>.<\/p>\n\n\n\n<div class=\"wp-block-image\"><figure class=\"aligncenter size-full\"><img loading=\"lazy\" decoding=\"async\" width=\"850\" height=\"450\" src=\"http:\/\/juristasgitanos.org\/wp-content\/uploads\/2021\/03\/desahucio-34019.jpg\" alt=\"\" class=\"wp-image-1238\" srcset=\"http:\/\/juristasgitanos.org\/wp-content\/uploads\/2021\/03\/desahucio-34019.jpg 850w, http:\/\/juristasgitanos.org\/wp-content\/uploads\/2021\/03\/desahucio-34019-300x159.jpg 300w, http:\/\/juristasgitanos.org\/wp-content\/uploads\/2021\/03\/desahucio-34019-768x407.jpg 768w, http:\/\/juristasgitanos.org\/wp-content\/uploads\/2021\/03\/desahucio-34019-260x138.jpg 260w, http:\/\/juristasgitanos.org\/wp-content\/uploads\/2021\/03\/desahucio-34019-50x26.jpg 50w, http:\/\/juristasgitanos.org\/wp-content\/uploads\/2021\/03\/desahucio-34019-142x75.jpg 142w\" sizes=\"(max-width:767px) 480px, (max-width:850px) 100vw, 850px\" \/><\/figure><\/div>\n\n\n\n<p>En primer lugar, la ley dice que esta medida es de <strong>naturaleza extraordinaria<\/strong> para la interrupci\u00f3n tanto del procedimiento de desahucio como del propio lanzamiento -si ya tuviera fecha asignada- por falta de pago o expiraci\u00f3n del t\u00e9rmino de duraci\u00f3n del contrato de alquiler de vivienda. Esta medida solo tendr\u00e1 efecto si el arrendatario o inquilino se encuentra en un estado de vulnerabilidad econ\u00f3mica y no posee otra alternativa habitacional, es decir, otro lugar donde vivir. Por tanto, <strong>la aplicaci\u00f3n de la medida est\u00e1 sujeta al cumplimiento de unos requisitos previos.<\/strong><\/p>\n\n\n\n<p>Las situaciones de vulnerabilidad econ\u00f3mica est\u00e1n previstas en la misma ley y son:<\/p>\n\n\n\n<h5 class=\"wp-block-heading\">1\u00ba. <em>Situaci\u00f3n de desempleo, est\u00e9 en ERTE o haya reducido su jornada por motivo de cuidados, en caso de ser empresario, u otras circunstancias similares que supongan una p\u00e9rdida sustancial de ingresos, no alcanzando por ello el conjunto de los ingresos de los miembros de la unidad familiar en el mes anterior a la solicitud de dicha paralizaci\u00f3n:<\/em><\/h5>\n\n\n\n<ul><li>Con car\u00e1cter general, el l\u00edmite de <strong>tres veces<\/strong> <strong>el IPREM<\/strong>. Que se incrementar\u00e1 <strong>0,1 veces por cada hijo<\/strong> a cargo en la unidad familiar (0,15 por cada hijo de unidad familiar monoparental) y <strong>0,1 veces por cada persona mayor de 65 a\u00f1os<\/strong> miembro de la unidad familiar.<\/li><li>Cuando alg\u00fan miembro de la unidad familiar tenga declarada discapacidad superior al 33 por ciento, situaci\u00f3n de dependencia o enfermedad que le incapacite acreditadamente de forma permanente para realizar una actividad laboral, el l\u00edmite previsto ser\u00e1 de<strong> cuatro veces el IPREM<\/strong>, sin perjuicio de los incrementos acumulados por hijo a cargo.<\/li><li>Cuando el arrendatario sea persona con par\u00e1lisis cerebral, enfermedad mental, discapacidad intelectual, con un grado de discapacidad reconocido igual o superior al 33 por ciento, o persona con discapacidad f\u00edsica o sensorial, con un grado de discapacidad reconocida igual o superior al 65 por ciento, as\u00ed como en los casos de enfermedad grave que incapacite acreditadamente, a la persona o a su cuidador, para realizar una actividad laboral, el l\u00edmite <strong>cinco veces el IPREM.<\/strong><\/li><\/ul>\n\n\n\n<h5 class=\"wp-block-heading\">2\u00ba. <em>Que la renta adeudada m\u00e1s los gastos de suministros b\u00e1sicos -como lo es el coste de luz, agua corriente y calefacci\u00f3n entre otros- resulte <strong>superior o igual al 35% <\/strong>de los de ingresos que reciba conjuntamente la unidad familiar.<\/em><\/h5>\n\n\n\n<div class=\"wp-block-image\"><figure class=\"aligncenter size-large is-resized\"><img loading=\"lazy\" decoding=\"async\" src=\"http:\/\/juristasgitanos.org\/wp-content\/uploads\/2020\/12\/working.gif\" alt=\"\" class=\"wp-image-293\" width=\"585\" height=\"731\"\/><\/figure><\/div>\n\n\n\n<p>Para que la medida extraordinaria de suspensi\u00f3n de desahucio llegue a prosperar es necesario que se acredite ante el Letrado de la Administraci\u00f3n de Justicia dicha situaci\u00f3n de vulnerabilidad mediante los documentos pertinentes que exige el <strong>art\u00edculo 6<\/strong>, como lo son, por ejemplo, el libro de familia para acreditar la unidad familiar o el certificado emitido por las entidades gestoras de las prestaciones en caso de desempleo. Una vez acordada la medida se suspender\u00e1 el procedimiento de desahucio hasta el d\u00eda 9 de mayo de 2021. A partir de esa fecha se reanudar\u00e1n nuevamente los plazos. <strong>Es decir, la medida no se aplica de forma autom\u00e1tica sino que necesita solicitarse y acreditar el cumplimiento de los requisitos que se exigen<\/strong>.<\/p>\n\n\n\n<blockquote class=\"wp-block-quote is-style-large\"><p>La medida de suspensi\u00f3n de desahucio no es autom\u00e1tica sino que debe solicitarse y est\u00e1 sujeta al cumplimiento de unos requisitos que han de ser acreditados. Cumplidos estos requisitos, el desahucio se suspender\u00e1 hasta el 9 de mayo de 2021, salvo que el Gobierno prorrogue la medida y extienda este plazo.  <\/p><\/blockquote>\n\n\n\n<p>Aunque se est\u00e9 hablando de las personas que est\u00e9n en situaci\u00f3n de vulnerabilidad econ\u00f3mica que posean un justo t\u00edtulo de posesi\u00f3n del inmueble, es decir, que tengan, por ejemplo, contrato de arrendamiento, no solo a estas se les protege. La norma<strong> tambi\u00e9n ampara a aquellas personas en situaci\u00f3n de vulnerabilidad econ\u00f3mica que<\/strong> <strong>est\u00e9n ocupando sin ning\u00fan t\u00edtulo habilitante para ello<\/strong>, sea que est\u00e9n incursas en un procedimiento de desahucio por precario o en un proceso penal en los que se sustancie el lanzamiento de la vivienda habitual.<\/p>\n\n\n\n<div class=\"wp-block-image\"><figure class=\"aligncenter size-large\"><img loading=\"lazy\" decoding=\"async\" width=\"512\" height=\"288\" src=\"http:\/\/juristasgitanos.org\/wp-content\/uploads\/2021\/03\/unnamed-1.jpg\" alt=\"\" class=\"wp-image-1240\" srcset=\"http:\/\/juristasgitanos.org\/wp-content\/uploads\/2021\/03\/unnamed-1.jpg 512w, http:\/\/juristasgitanos.org\/wp-content\/uploads\/2021\/03\/unnamed-1-300x169.jpg 300w, http:\/\/juristasgitanos.org\/wp-content\/uploads\/2021\/03\/unnamed-1-260x146.jpg 260w, http:\/\/juristasgitanos.org\/wp-content\/uploads\/2021\/03\/unnamed-1-50x28.jpg 50w, http:\/\/juristasgitanos.org\/wp-content\/uploads\/2021\/03\/unnamed-1-133x75.jpg 133w\" sizes=\"(max-width:767px) 480px, 512px\" \/><\/figure><\/div>\n\n\n\n<p>Sin embargo, hay una serie de <strong>supuestos en los que no se aplicar\u00eda <\/strong>este Real Decreto aun cumpliendo las condiciones mencionadas previamente. Los supuestos ser\u00edan:<\/p>\n\n\n\n<ul><li>Si la vivienda ocupada es donde el propietario persona f\u00edsica tiene su domicilio habitual o segunda residencia debidamente acreditada, independientemente del n\u00famero de vivienda que tenga.<\/li><li>Si la vivienda es domicilio habitual de una persona f\u00edsica con t\u00edtulo valido. Como por ejemplo un contrato de alquiler.<\/li><li>Cuando para su entrada y\/o permanencia en la vivienda se haya producido intimidaci\u00f3n y violencia sobre las personas.<\/li><li>Cuando se tenga indicios de que la vivienda est\u00e1 siendo okupada para realizar actividades ilegales.<\/li><li>Cuando sea un inmueble destinado a vivienda social y ya fuera asignado a un solicitante por parte de la administraci\u00f3n o entidad que gestione esa vivienda.<\/li><li>Cuando la entrada en la vivienda haya sido despu\u00e9s de entrar en vigor el presente Real Decreto Ley.<\/li><\/ul>\n\n\n\n<p>En todo caso, deber\u00e1 solicitarse expresamente la aplicaci\u00f3n de la medida y acreditar que se cumplen con las condiciones descritas.<\/p>\n\n\n\n<hr class=\"wp-block-separator\"\/>\n\n\n\n<p class=\"has-text-align-left\"><strong>Vanessa Rosa Rosendo<\/strong>, estudiante de Derecho.<\/p>","protected":false},"excerpt":{"rendered":"<p>Medidas dirigidas a frenar el impacto econ\u00f3mico de la Covid-19: medidas de paralizaci\u00f3n de desahucios. <\/p>","protected":false},"author":6,"featured_media":1237,"comment_status":"open","ping_status":"closed","sticky":false,"template":"","format":"standard","meta":{"_bbp_topic_count":0,"_bbp_reply_count":0,"_bbp_total_topic_count":0,"_bbp_total_reply_count":0,"_bbp_voice_count":0,"_bbp_anonymous_reply_count":0,"_bbp_topic_count_hidden":0,"_bbp_reply_count_hidden":0,"_bbp_forum_subforum_count":0,"footnotes":""},"categories":[6],"tags":[20,15,29,30,26,27,31,32],"yoast_head":"<!-- This site is optimized with the Yoast SEO plugin v22.4 - https:\/\/yoast.com\/wordpress\/plugins\/seo\/ -->\n<title>Cese de desahucios durante el Estado de Alarma - No Blog Title Set<\/title>\n<meta name=\"robots\" content=\"index, follow, max-snippet:-1, max-image-preview:large, max-video-preview:-1\" \/>\n<link rel=\"canonical\" href=\"https:\/\/juristasgitanos.org\/en\/cese-de-desahucios-durante-el-estado-de-alarma\/\" \/>\n<meta property=\"og:locale\" content=\"en_US\" \/>\n<meta property=\"og:type\" content=\"article\" \/>\n<meta property=\"og:title\" content=\"Cese de desahucios durante el Estado de Alarma - No Blog Title Set\" \/>\n<meta property=\"og:description\" content=\"Medidas dirigidas a frenar el impacto econ\u00f3mico de la Covid-19: medidas de paralizaci\u00f3n de desahucios.\" \/>\n<meta property=\"og:url\" content=\"https:\/\/juristasgitanos.org\/en\/cese-de-desahucios-durante-el-estado-de-alarma\/\" \/>\n<meta property=\"og:site_name\" content=\"No Blog Title Set\" \/>\n<meta property=\"article:published_time\" content=\"2021-03-19T17:52:53+00:00\" \/>\n<meta property=\"article:modified_time\" content=\"2021-03-19T19:28:27+00:00\" \/>\n<meta property=\"og:image\" content=\"https:\/\/juristasgitanos.org\/wp-content\/uploads\/2021\/03\/27950-scaled.jpg\" \/>\n\t<meta property=\"og:image:width\" content=\"2560\" \/>\n\t<meta property=\"og:image:height\" content=\"1920\" \/>\n\t<meta property=\"og:image:type\" content=\"image\/jpeg\" \/>\n<meta name=\"author\" content=\"Vanessa Rosa Rosendo\" \/>\n<meta name=\"twitter:card\" content=\"summary_large_image\" \/>\n<meta name=\"twitter:label1\" content=\"Written by\" \/>\n\t<meta name=\"twitter:data1\" content=\"Vanessa Rosa Rosendo\" \/>\n\t<meta name=\"twitter:label2\" content=\"Est. reading time\" \/>\n\t<meta name=\"twitter:data2\" content=\"5 minutes\" \/>\n<script type=\"application\/ld+json\" class=\"yoast-schema-graph\">{\"@context\":\"https:\/\/schema.org\",\"@graph\":[{\"@type\":\"Article\",\"@id\":\"https:\/\/juristasgitanos.org\/en\/cese-de-desahucios-durante-el-estado-de-alarma\/#article\",\"isPartOf\":{\"@id\":\"https:\/\/juristasgitanos.org\/en\/cese-de-desahucios-durante-el-estado-de-alarma\/\"},\"author\":{\"name\":\"Vanessa Rosa Rosendo\",\"@id\":\"http:\/\/juristasgitanos.org\/en\/#\/schema\/person\/e04a8c83ce8abd3300881806ff3b797c\"},\"headline\":\"Cese de desahucios durante el Estado de Alarma\",\"datePublished\":\"2021-03-19T17:52:53+00:00\",\"dateModified\":\"2021-03-19T19:28:27+00:00\",\"mainEntityOfPage\":{\"@id\":\"https:\/\/juristasgitanos.org\/en\/cese-de-desahucios-durante-el-estado-de-alarma\/\"},\"wordCount\":1006,\"commentCount\":0,\"publisher\":{\"@id\":\"http:\/\/juristasgitanos.org\/en\/#organization\"},\"image\":{\"@id\":\"https:\/\/juristasgitanos.org\/en\/cese-de-desahucios-durante-el-estado-de-alarma\/#primaryimage\"},\"thumbnailUrl\":\"http:\/\/juristasgitanos.org\/wp-content\/uploads\/2021\/03\/27950-scaled.jpg\",\"keywords\":[\"COVID-19\",\"derechos-economicos\",\"desahucios\",\"estado-de-alarma\",\"estudiante-de-Derecho\",\"mujer-gitana\",\"pobreza\",\"vivienda\"],\"articleSection\":[\"ARTICULOS\"],\"inLanguage\":\"en-US\",\"potentialAction\":[{\"@type\":\"CommentAction\",\"name\":\"Comment\",\"target\":[\"https:\/\/juristasgitanos.org\/en\/cese-de-desahucios-durante-el-estado-de-alarma\/#respond\"]}]},{\"@type\":\"WebPage\",\"@id\":\"https:\/\/juristasgitanos.org\/en\/cese-de-desahucios-durante-el-estado-de-alarma\/\",\"url\":\"https:\/\/juristasgitanos.org\/en\/cese-de-desahucios-durante-el-estado-de-alarma\/\",\"name\":\"Cese de desahucios durante el Estado de Alarma - No Blog Title Set\",\"isPartOf\":{\"@id\":\"http:\/\/juristasgitanos.org\/en\/#website\"},\"primaryImageOfPage\":{\"@id\":\"https:\/\/juristasgitanos.org\/en\/cese-de-desahucios-durante-el-estado-de-alarma\/#primaryimage\"},\"image\":{\"@id\":\"https:\/\/juristasgitanos.org\/en\/cese-de-desahucios-durante-el-estado-de-alarma\/#primaryimage\"},\"thumbnailUrl\":\"http:\/\/juristasgitanos.org\/wp-content\/uploads\/2021\/03\/27950-scaled.jpg\",\"datePublished\":\"2021-03-19T17:52:53+00:00\",\"dateModified\":\"2021-03-19T19:28:27+00:00\",\"breadcrumb\":{\"@id\":\"https:\/\/juristasgitanos.org\/en\/cese-de-desahucios-durante-el-estado-de-alarma\/#breadcrumb\"},\"inLanguage\":\"en-US\",\"potentialAction\":[{\"@type\":\"ReadAction\",\"target\":[\"https:\/\/juristasgitanos.org\/en\/cese-de-desahucios-durante-el-estado-de-alarma\/\"]}]},{\"@type\":\"ImageObject\",\"inLanguage\":\"en-US\",\"@id\":\"https:\/\/juristasgitanos.org\/en\/cese-de-desahucios-durante-el-estado-de-alarma\/#primaryimage\",\"url\":\"http:\/\/juristasgitanos.org\/wp-content\/uploads\/2021\/03\/27950-scaled.jpg\",\"contentUrl\":\"http:\/\/juristasgitanos.org\/wp-content\/uploads\/2021\/03\/27950-scaled.jpg\",\"width\":2560,\"height\":1920},{\"@type\":\"BreadcrumbList\",\"@id\":\"https:\/\/juristasgitanos.org\/en\/cese-de-desahucios-durante-el-estado-de-alarma\/#breadcrumb\",\"itemListElement\":[{\"@type\":\"ListItem\",\"position\":1,\"name\":\"Portada\",\"item\":\"http:\/\/juristasgitanos.org\/en\/\"},{\"@type\":\"ListItem\",\"position\":2,\"name\":\"Cese de desahucios durante el Estado de Alarma\"}]},{\"@type\":\"WebSite\",\"@id\":\"http:\/\/juristasgitanos.org\/en\/#website\",\"url\":\"http:\/\/juristasgitanos.org\/en\/\",\"name\":\"No Blog Title Set\",\"description\":\"\",\"publisher\":{\"@id\":\"http:\/\/juristasgitanos.org\/en\/#organization\"},\"potentialAction\":[{\"@type\":\"SearchAction\",\"target\":{\"@type\":\"EntryPoint\",\"urlTemplate\":\"http:\/\/juristasgitanos.org\/en\/?s={search_term_string}\"},\"query-input\":\"required name=search_term_string\"}],\"inLanguage\":\"en-US\"},{\"@type\":\"Organization\",\"@id\":\"http:\/\/juristasgitanos.org\/en\/#organization\",\"name\":\"No Blog Title Set\",\"url\":\"http:\/\/juristasgitanos.org\/en\/\",\"logo\":{\"@type\":\"ImageObject\",\"inLanguage\":\"en-US\",\"@id\":\"http:\/\/juristasgitanos.org\/en\/#\/schema\/logo\/image\/\",\"url\":\"http:\/\/juristasgitanos.org\/wp-content\/uploads\/2021\/04\/fb-share-1.jpg\",\"contentUrl\":\"http:\/\/juristasgitanos.org\/wp-content\/uploads\/2021\/04\/fb-share-1.jpg\",\"width\":1044,\"height\":548,\"caption\":\"No Blog Title Set\"},\"image\":{\"@id\":\"http:\/\/juristasgitanos.org\/en\/#\/schema\/logo\/image\/\"},\"sameAs\":[\"https:\/\/api.whatsapp.com\/send?phone=34675931823\"]},{\"@type\":\"Person\",\"@id\":\"http:\/\/juristasgitanos.org\/en\/#\/schema\/person\/e04a8c83ce8abd3300881806ff3b797c\",\"name\":\"Vanessa Rosa Rosendo\",\"image\":{\"@type\":\"ImageObject\",\"inLanguage\":\"en-US\",\"@id\":\"http:\/\/juristasgitanos.org\/en\/#\/schema\/person\/image\/\",\"url\":\"http:\/\/1.gravatar.com\/avatar\/dcbbf434dd62e670df19315e679cfc02?s=96&d=mm&r=g\",\"contentUrl\":\"http:\/\/1.gravatar.com\/avatar\/dcbbf434dd62e670df19315e679cfc02?s=96&d=mm&r=g\",\"caption\":\"Vanessa Rosa Rosendo\"},\"description\":\"Estudiante, cursando su \u00faltimo a\u00f1o de Grado en Derecho en la Facultad de Ciencias Jur\u00eddicas y Sociales de la Universidad de Castilla la Mancha. Ha realizado pr\u00e1cticas en el Juzgado de Primera Instancia e Instrucci\u00f3n de Toledo asistiendo a numerosas comparecencias ante el Juez y analizando atestados policiales as\u00ed como acordando Diligencias de Investigaci\u00f3n entre otras. Actualmente se encuentra realizando pr\u00e1cticas en el despacho colectivo Abogados GABEX de la ciudad de Badajoz.\",\"url\":\"http:\/\/juristasgitanos.org\/en\/author\/vanessa\/\"}]}<\/script>\n<!-- \/ Yoast SEO plugin. -->","yoast_head_json":{"title":"Cese de desahucios durante el Estado de Alarma - No Blog Title Set","robots":{"index":"index","follow":"follow","max-snippet":"max-snippet:-1","max-image-preview":"max-image-preview:large","max-video-preview":"max-video-preview:-1"},"canonical":"https:\/\/juristasgitanos.org\/en\/cese-de-desahucios-durante-el-estado-de-alarma\/","og_locale":"en_US","og_type":"article","og_title":"Cese de desahucios durante el Estado de Alarma - No Blog Title Set","og_description":"Medidas dirigidas a frenar el impacto econ\u00f3mico de la Covid-19: medidas de paralizaci\u00f3n de desahucios.","og_url":"https:\/\/juristasgitanos.org\/en\/cese-de-desahucios-durante-el-estado-de-alarma\/","og_site_name":"No Blog Title Set","article_published_time":"2021-03-19T17:52:53+00:00","article_modified_time":"2021-03-19T19:28:27+00:00","og_image":[{"width":2560,"height":1920,"url":"https:\/\/juristasgitanos.org\/wp-content\/uploads\/2021\/03\/27950-scaled.jpg","type":"image\/jpeg"}],"author":"Vanessa Rosa Rosendo","twitter_card":"summary_large_image","twitter_misc":{"Written by":"Vanessa Rosa Rosendo","Est. reading time":"5 minutes"},"schema":{"@context":"https:\/\/schema.org","@graph":[{"@type":"Article","@id":"https:\/\/juristasgitanos.org\/en\/cese-de-desahucios-durante-el-estado-de-alarma\/#article","isPartOf":{"@id":"https:\/\/juristasgitanos.org\/en\/cese-de-desahucios-durante-el-estado-de-alarma\/"},"author":{"name":"Vanessa Rosa Rosendo","@id":"http:\/\/juristasgitanos.org\/en\/#\/schema\/person\/e04a8c83ce8abd3300881806ff3b797c"},"headline":"Cese de desahucios durante el Estado de Alarma","datePublished":"2021-03-19T17:52:53+00:00","dateModified":"2021-03-19T19:28:27+00:00","mainEntityOfPage":{"@id":"https:\/\/juristasgitanos.org\/en\/cese-de-desahucios-durante-el-estado-de-alarma\/"},"wordCount":1006,"commentCount":0,"publisher":{"@id":"http:\/\/juristasgitanos.org\/en\/#organization"},"image":{"@id":"https:\/\/juristasgitanos.org\/en\/cese-de-desahucios-durante-el-estado-de-alarma\/#primaryimage"},"thumbnailUrl":"http:\/\/juristasgitanos.org\/wp-content\/uploads\/2021\/03\/27950-scaled.jpg","keywords":["COVID-19","derechos-economicos","desahucios","estado-de-alarma","estudiante-de-Derecho","mujer-gitana","pobreza","vivienda"],"articleSection":["ARTICULOS"],"inLanguage":"en-US","potentialAction":[{"@type":"CommentAction","name":"Comment","target":["https:\/\/juristasgitanos.org\/en\/cese-de-desahucios-durante-el-estado-de-alarma\/#respond"]}]},{"@type":"WebPage","@id":"https:\/\/juristasgitanos.org\/en\/cese-de-desahucios-durante-el-estado-de-alarma\/","url":"https:\/\/juristasgitanos.org\/en\/cese-de-desahucios-durante-el-estado-de-alarma\/","name":"Cese de desahucios durante el Estado de Alarma - No Blog Title Set","isPartOf":{"@id":"http:\/\/juristasgitanos.org\/en\/#website"},"primaryImageOfPage":{"@id":"https:\/\/juristasgitanos.org\/en\/cese-de-desahucios-durante-el-estado-de-alarma\/#primaryimage"},"image":{"@id":"https:\/\/juristasgitanos.org\/en\/cese-de-desahucios-durante-el-estado-de-alarma\/#primaryimage"},"thumbnailUrl":"http:\/\/juristasgitanos.org\/wp-content\/uploads\/2021\/03\/27950-scaled.jpg","datePublished":"2021-03-19T17:52:53+00:00","dateModified":"2021-03-19T19:28:27+00:00","breadcrumb":{"@id":"https:\/\/juristasgitanos.org\/en\/cese-de-desahucios-durante-el-estado-de-alarma\/#breadcrumb"},"inLanguage":"en-US","potentialAction":[{"@type":"ReadAction","target":["https:\/\/juristasgitanos.org\/en\/cese-de-desahucios-durante-el-estado-de-alarma\/"]}]},{"@type":"ImageObject","inLanguage":"en-US","@id":"https:\/\/juristasgitanos.org\/en\/cese-de-desahucios-durante-el-estado-de-alarma\/#primaryimage","url":"http:\/\/juristasgitanos.org\/wp-content\/uploads\/2021\/03\/27950-scaled.jpg","contentUrl":"http:\/\/juristasgitanos.org\/wp-content\/uploads\/2021\/03\/27950-scaled.jpg","width":2560,"height":1920},{"@type":"BreadcrumbList","@id":"https:\/\/juristasgitanos.org\/en\/cese-de-desahucios-durante-el-estado-de-alarma\/#breadcrumb","itemListElement":[{"@type":"ListItem","position":1,"name":"Portada","item":"http:\/\/juristasgitanos.org\/en\/"},{"@type":"ListItem","position":2,"name":"Cese de desahucios durante el Estado de Alarma"}]},{"@type":"WebSite","@id":"http:\/\/juristasgitanos.org\/en\/#website","url":"http:\/\/juristasgitanos.org\/en\/","name":"No Blog Title Set","description":"","publisher":{"@id":"http:\/\/juristasgitanos.org\/en\/#organization"},"potentialAction":[{"@type":"SearchAction","target":{"@type":"EntryPoint","urlTemplate":"http:\/\/juristasgitanos.org\/en\/?s={search_term_string}"},"query-input":"required name=search_term_string"}],"inLanguage":"en-US"},{"@type":"Organization","@id":"http:\/\/juristasgitanos.org\/en\/#organization","name":"No Blog Title Set","url":"http:\/\/juristasgitanos.org\/en\/","logo":{"@type":"ImageObject","inLanguage":"en-US","@id":"http:\/\/juristasgitanos.org\/en\/#\/schema\/logo\/image\/","url":"http:\/\/juristasgitanos.org\/wp-content\/uploads\/2021\/04\/fb-share-1.jpg","contentUrl":"http:\/\/juristasgitanos.org\/wp-content\/uploads\/2021\/04\/fb-share-1.jpg","width":1044,"height":548,"caption":"No Blog Title Set"},"image":{"@id":"http:\/\/juristasgitanos.org\/en\/#\/schema\/logo\/image\/"},"sameAs":["https:\/\/api.whatsapp.com\/send?phone=34675931823"]},{"@type":"Person","@id":"http:\/\/juristasgitanos.org\/en\/#\/schema\/person\/e04a8c83ce8abd3300881806ff3b797c","name":"Vanessa Rosa Rosendo","image":{"@type":"ImageObject","inLanguage":"en-US","@id":"http:\/\/juristasgitanos.org\/en\/#\/schema\/person\/image\/","url":"http:\/\/1.gravatar.com\/avatar\/dcbbf434dd62e670df19315e679cfc02?s=96&d=mm&r=g","contentUrl":"http:\/\/1.gravatar.com\/avatar\/dcbbf434dd62e670df19315e679cfc02?s=96&d=mm&r=g","caption":"Vanessa Rosa Rosendo"},"description":"Estudiante, cursando su \u00faltimo a\u00f1o de Grado en Derecho en la Facultad de Ciencias Jur\u00eddicas y Sociales de la Universidad de Castilla la Mancha. Ha realizado pr\u00e1cticas en el Juzgado de Primera Instancia e Instrucci\u00f3n de Toledo asistiendo a numerosas comparecencias ante el Juez y analizando atestados policiales as\u00ed como acordando Diligencias de Investigaci\u00f3n entre otras. Actualmente se encuentra realizando pr\u00e1cticas en el despacho colectivo Abogados GABEX de la ciudad de Badajoz.","url":"http:\/\/juristasgitanos.org\/en\/author\/vanessa\/"}]}},"_links":{"self":[{"href":"http:\/\/juristasgitanos.org\/en\/wp-json\/wp\/v2\/posts\/1236"}],"collection":[{"href":"http:\/\/juristasgitanos.org\/en\/wp-json\/wp\/v2\/posts"}],"about":[{"href":"http:\/\/juristasgitanos.org\/en\/wp-json\/wp\/v2\/types\/post"}],"author":[{"embeddable":true,"href":"http:\/\/juristasgitanos.org\/en\/wp-json\/wp\/v2\/users\/6"}],"replies":[{"embeddable":true,"href":"http:\/\/juristasgitanos.org\/en\/wp-json\/wp\/v2\/comments?post=1236"}],"version-history":[{"count":0,"href":"http:\/\/juristasgitanos.org\/en\/wp-json\/wp\/v2\/posts\/1236\/revisions"}],"wp:featuredmedia":[{"embeddable":true,"href":"http:\/\/juristasgitanos.org\/en\/wp-json\/wp\/v2\/media\/1237"}],"wp:attachment":[{"href":"http:\/\/juristasgitanos.org\/en\/wp-json\/wp\/v2\/media?parent=1236"}],"wp:term":[{"taxonomy":"category","embeddable":true,"href":"http:\/\/juristasgitanos.org\/en\/wp-json\/wp\/v2\/categories?post=1236"},{"taxonomy":"post_tag","embeddable":true,"href":"http:\/\/juristasgitanos.org\/en\/wp-json\/wp\/v2\/tags?post=1236"}],"curies":[{"name":"wp","href":"https:\/\/api.w.org\/{rel}","templated":true}]}}